{"id":3142,"date":"2024-05-08T08:49:45","date_gmt":"2024-05-08T08:49:45","guid":{"rendered":"https:\/\/grafiksestudio.com\/com-preparar-i-fer-destacar-el-teu-negoci-a-les-epoques-de-major-turisme\/"},"modified":"2024-09-27T09:34:49","modified_gmt":"2024-09-27T09:34:49","slug":"com-preparar-i-fer-destacar-el-teu-negoci-a-les-epoques-de-major-turisme","status":"publish","type":"post","link":"https:\/\/grafiksestudio.com\/ca\/com-preparar-i-fer-destacar-el-teu-negoci-a-les-epoques-de-major-turisme\/","title":{"rendered":"COM PREPARAR I FER DESTACAR EL TEU NEGOCI A LES \u00c8POQUES DE MAJOR TURISME"},"content":{"rendered":"\t\t<div data-elementor-type=\"wp-post\" data-elementor-id=\"3142\" class=\"elementor elementor-3142 elementor-1415\" data-elementor-post-type=\"post\">\n\t\t\t\t<div class=\"elementor-element elementor-element-ee74e56 e-flex e-con-boxed qodef-elementor-content-no e-con e-parent\" data-id=\"ee74e56\" data-element_type=\"container\" data-e-type=\"container\" data-settings=\"{&quot;background_background&quot;:&quot;classic&quot;}\">\n\t\t\t\t\t<div class=\"e-con-inner\">\n\t\t\t\t<div class=\"elementor-element elementor-element-bf2a41b elementor-widget elementor-widget-spacer\" data-id=\"bf2a41b\" data-element_type=\"widget\" data-e-type=\"widget\" data-widget_type=\"spacer.default\">\n\t\t\t\t<div class=\"elementor-widget-container\">\n\t\t\t\t\t\t\t<div class=\"elementor-spacer\">\n\t\t\t<div class=\"elementor-spacer-inner\"><\/div>\n\t\t<\/div>\n\t\t\t\t\t\t<\/div>\n\t\t\t\t<\/div>\n\t\t\t\t<div class=\"elementor-element elementor-element-b2d85e3 elementor-widget elementor-widget-heading\" data-id=\"b2d85e3\" data-element_type=\"widget\" data-e-type=\"widget\" data-widget_type=\"heading.default\">\n\t\t\t\t<div class=\"elementor-widget-container\">\n\t\t\t\t\t<h1 class=\"elementor-heading-title elementor-size-default\">COM PREPARAR I FER DESTACAR EL TEU NEGOCI A LES \u00c8POQUES DE MAJOR TURISME<\/h1>\t\t\t\t<\/div>\n\t\t\t\t<\/div>\n\t\t\t\t<div class=\"elementor-element elementor-element-b02cc68 elementor-widget elementor-widget-spacer\" data-id=\"b02cc68\" data-element_type=\"widget\" data-e-type=\"widget\" data-widget_type=\"spacer.default\">\n\t\t\t\t<div class=\"elementor-widget-container\">\n\t\t\t\t\t\t\t<div class=\"elementor-spacer\">\n\t\t\t<div class=\"elementor-spacer-inner\"><\/div>\n\t\t<\/div>\n\t\t\t\t\t\t<\/div>\n\t\t\t\t<\/div>\n\t\t\t\t\t<\/div>\n\t\t\t\t<\/div>\n\t\t<div class=\"elementor-element elementor-element-b740e2b e-flex e-con-boxed qodef-elementor-content-no e-con e-parent\" data-id=\"b740e2b\" data-element_type=\"container\" data-e-type=\"container\">\n\t\t\t\t\t<div class=\"e-con-inner\">\n\t\t<div class=\"elementor-element elementor-element-7d9586d e-con-full e-flex qodef-elementor-content-no e-con e-child\" data-id=\"7d9586d\" data-element_type=\"container\" data-e-type=\"container\">\n\t\t\t\t<div class=\"elementor-element elementor-element-d28998b elementor-widget elementor-widget-spacer\" data-id=\"d28998b\" data-element_type=\"widget\" data-e-type=\"widget\" data-widget_type=\"spacer.default\">\n\t\t\t\t<div class=\"elementor-widget-container\">\n\t\t\t\t\t\t\t<div class=\"elementor-spacer\">\n\t\t\t<div class=\"elementor-spacer-inner\"><\/div>\n\t\t<\/div>\n\t\t\t\t\t\t<\/div>\n\t\t\t\t<\/div>\n\t\t\t\t<div class=\"elementor-element elementor-element-fb44275 elementor-widget elementor-widget-heading\" data-id=\"fb44275\" data-element_type=\"widget\" data-e-type=\"widget\" data-widget_type=\"heading.default\">\n\t\t\t\t<div class=\"elementor-widget-container\">\n\t\t\t\t\t<h2 class=\"elementor-heading-title elementor-size-default\">COM PREPARAR I FER DESTACAR EL TEU NEGOCI A LES \u00c8POQUES DE MAJOR TURISME<\/h2>\t\t\t\t<\/div>\n\t\t\t\t<\/div>\n\t\t\t\t<\/div>\n\t\t<div class=\"elementor-element elementor-element-bef11ee e-con-full e-flex qodef-elementor-content-no e-con e-child\" data-id=\"bef11ee\" data-element_type=\"container\" data-e-type=\"container\">\n\t\t\t\t<div class=\"elementor-element elementor-element-3665694 elementor-widget elementor-widget-spacer\" data-id=\"3665694\" data-element_type=\"widget\" data-e-type=\"widget\" data-widget_type=\"spacer.default\">\n\t\t\t\t<div class=\"elementor-widget-container\">\n\t\t\t\t\t\t\t<div class=\"elementor-spacer\">\n\t\t\t<div class=\"elementor-spacer-inner\"><\/div>\n\t\t<\/div>\n\t\t\t\t\t\t<\/div>\n\t\t\t\t<\/div>\n\t\t\t\t<div class=\"elementor-element elementor-element-986accc elementor-widget elementor-widget-text-editor\" data-id=\"986accc\" data-element_type=\"widget\" data-e-type=\"widget\" data-widget_type=\"text-editor.default\">\n\t\t\t\t<div class=\"elementor-widget-container\">\n\t\t\t\t\t\t\t\t\t<p><span style=\"font-weight: 400;\">Amb l&#8217;arribada del bon temps, s&#8217;inaugura l&#8217;\u00e8poca de l&#8217;any de m\u00e9s activitat per a la majoria de les empreses. La temporada d&#8217;estiu, juntament amb l&#8217;arribada del turisme, incrementa notablement les vendes dels negocis locals gr\u00e0cies a la gran aflu\u00e8ncia que aix\u00f2 comporta.  <\/span><\/p>\n<p><span style=\"text-align: var(--text-align);\"><span style=\"font-weight: 400;\">La ind\u00fastria dels viatges i el turisme \u00e9s una de les m\u00e9s grans a nivell global i ha experimentat un creixement estable durant els darrers cinc anys. Aquest creixement facilita i afavoreix totes aquelles empreses locals que estan disposades a cr\u00e9ixer i augmentar-ne les vendes. Davant d&#8217;aquesta oportunitat, cal crear un bon pla de m\u00e0rqueting i implementar certes estrat\u00e8gies adequades per poder destacar entre la compet\u00e8ncia i arribar a establir-se com un referent al sector.  <\/span><span style=\"font-weight: 400;\"><br \/><\/span><\/span><\/p>\n<p><span style=\"text-align: var(--text-align);\"><span style=\"font-weight: 400;\">\u00c9s en aquesta \u00e8poca de l&#8217;any, quan s&#8217;obre un m\u00f3n d&#8217;oportunitats per destacar davant de la compet\u00e8ncia i augmentar les vendes del teu negoci. Vols assegurar-te que el teu negoci brilli aquesta temporada? Est\u00e0s al lloc correcte! En aquest article us deixem alguns consells pr\u00e0ctics per preparar i fer destacar el vostre negoci durant el boom tur\u00edstic.   <\/span><br \/><\/span><\/p>\n\t\t\t\t\t\t\t\t<\/div>\n\t\t\t\t<\/div>\n\t\t\t\t<div class=\"elementor-element elementor-element-69c61a9 elementor-widget elementor-widget-heading\" data-id=\"69c61a9\" data-element_type=\"widget\" data-e-type=\"widget\" data-widget_type=\"heading.default\">\n\t\t\t\t<div class=\"elementor-widget-container\">\n\t\t\t\t\t<h2 class=\"elementor-heading-title elementor-size-default\">Vesteix la teva fa\u00e7ana amb estil<\/h2>\t\t\t\t<\/div>\n\t\t\t\t<\/div>\n\t\t\t\t<div class=\"elementor-element elementor-element-ceb210b elementor-widget elementor-widget-text-editor\" data-id=\"ceb210b\" data-element_type=\"widget\" data-e-type=\"widget\" data-widget_type=\"text-editor.default\">\n\t\t\t\t<div class=\"elementor-widget-container\">\n\t\t\t\t\t\t\t\t\t<p><span style=\"font-weight: 400;\">El primer pas per atreure l&#8217;atenci\u00f3 dels turistes \u00e9s assegurar-te que la fa\u00e7ana sigui un imant visual. La teva fa\u00e7ana \u00e9s la primera impressi\u00f3 que els turistes tenen del teu negoci, i una retolaci\u00f3 cridanera \u00e9s clau per captar la seva atenci\u00f3 entre la compet\u00e8ncia.  <\/span><\/p>\n<p><span style=\"font-weight: 400;\">A Grafiks Estudio, som especialistes en crear r\u00e8tols i cartells creatius que destaquen entre la multitud, obtenint com a resultat r\u00e8tols duradors, visualment impactants i totalment adaptats al teu negoci. La nostra experi\u00e8ncia, un equip de professionals totalment format, la creativitat sense l\u00edmits i l&#8217;atenci\u00f3 personalitzada que oferim ens converteixen en l&#8217;elecci\u00f3 perfecta per a aquells que desitgen una retolaci\u00f3 d&#8217;alta qualitat que reflecteixi l&#8217;ess\u00e8ncia de la marca i els diferenci\u00ef de la compet\u00e8ncia. <\/span><\/p>\n<p><span style=\"font-weight: 400;\">Contacta&#8217;ns avui mateix i deixa&#8217;ns convertir la teva visi\u00f3 en una realitat que destaqui i atregui els turistes com mai abans!<\/span><\/p>\n\t\t\t\t\t\t\t\t<\/div>\n\t\t\t\t<\/div>\n\t\t\t\t<div class=\"elementor-element elementor-element-b76fe18 elementor-widget elementor-widget-heading\" data-id=\"b76fe18\" data-element_type=\"widget\" data-e-type=\"widget\" data-widget_type=\"heading.default\">\n\t\t\t\t<div class=\"elementor-widget-container\">\n\t\t\t\t\t<h2 class=\"elementor-heading-title elementor-size-default\">Il\u00b7luminaci\u00f3 del teu r\u00e8tol<\/h2>\t\t\t\t<\/div>\n\t\t\t\t<\/div>\n\t\t\t\t<div class=\"elementor-element elementor-element-e726d93 elementor-widget elementor-widget-text-editor\" data-id=\"e726d93\" data-element_type=\"widget\" data-e-type=\"widget\" data-widget_type=\"text-editor.default\">\n\t\t\t\t<div class=\"elementor-widget-container\">\n\t\t\t\t\t\t\t\t\t<p><span style=\"font-weight: 400;\">Vols que el teu negoci es destaqui fins i tot despr\u00e9s que es pongui el sol? Afegeix un toc de m\u00e0gia amb il\u00b7luminaci\u00f3 creativa!  <\/span><\/p>\n<p><span style=\"font-weight: 400;\">Incorporar llums a la retolaci\u00f3 del teu negoci \u00e9s una idea excel\u00b7lent, ja que, et permet destacar fins i tot durant les hores nocturnes, captant l&#8217;atenci\u00f3 de turistes que transiten per la zona. <\/span><\/p>\n<p><span style=\"font-weight: 400;\">La il\u00b7luminaci\u00f3 creativa en els r\u00e8tols crea un impacte visual \u00fanic i memorable, cosa que fa que el teu negoci sigui f\u00e0cilment reconeixible i destaqui davant de la resta. A m\u00e9s, en il\u00b7luminar la teva retolaci\u00f3, crees una atmosfera acollidora i cridanera que convida les persones a apropar-se i explorar el que el teu negoci t\u00e9 per oferir, cosa que es pot traduir en un augment del tr\u00e0nsit de clients i en majors vendes i reconeixement de marca. A Grafiks Estudio, tenim les eines i l&#8217;experi\u00e8ncia per il\u00b7luminar el teu negoci i fer que brilli com tu ho desitges.  <\/span><\/p>\n\t\t\t\t\t\t\t\t<\/div>\n\t\t\t\t<\/div>\n\t\t\t\t<div class=\"elementor-element elementor-element-0b5e035 elementor-widget elementor-widget-image\" data-id=\"0b5e035\" data-element_type=\"widget\" data-e-type=\"widget\" data-widget_type=\"image.default\">\n\t\t\t\t<div class=\"elementor-widget-container\">\n\t\t\t\t\t\t\t\t\t\t\t\t\t\t\t<img fetchpriority=\"high\" decoding=\"async\" width=\"768\" height=\"443\" src=\"https:\/\/grafiksestudio.com\/wp-content\/uploads\/2024\/05\/Diseno-sin-titulo-768x443.jpg\" class=\"attachment-medium_large size-medium_large wp-image-3144\" alt=\"\" srcset=\"https:\/\/grafiksestudio.com\/wp-content\/uploads\/2024\/05\/Diseno-sin-titulo-768x443.jpg 768w, https:\/\/grafiksestudio.com\/wp-content\/uploads\/2024\/05\/Diseno-sin-titulo-300x173.jpg 300w, https:\/\/grafiksestudio.com\/wp-content\/uploads\/2024\/05\/Diseno-sin-titulo-1024x591.jpg 1024w, https:\/\/grafiksestudio.com\/wp-content\/uploads\/2024\/05\/Diseno-sin-titulo.jpg 1040w\" sizes=\"(max-width: 768px) 100vw, 768px\" \/>\t\t\t\t\t\t\t\t\t\t\t\t\t\t\t<\/div>\n\t\t\t\t<\/div>\n\t\t\t\t<div class=\"elementor-element elementor-element-15a0ab5 elementor-widget elementor-widget-heading\" data-id=\"15a0ab5\" data-element_type=\"widget\" data-e-type=\"widget\" data-widget_type=\"heading.default\">\n\t\t\t\t<div class=\"elementor-widget-container\">\n\t\t\t\t\t<h2 class=\"elementor-heading-title elementor-size-default\">Potenciaci\u00f3 de les xarxes socials al m\u00e0xim <\/h2>\t\t\t\t<\/div>\n\t\t\t\t<\/div>\n\t\t\t\t<div class=\"elementor-element elementor-element-10ed6cc elementor-widget elementor-widget-text-editor\" data-id=\"10ed6cc\" data-element_type=\"widget\" data-e-type=\"widget\" data-widget_type=\"text-editor.default\">\n\t\t\t\t<div class=\"elementor-widget-container\">\n\t\t\t\t\t\t\t\t\t<p><span style=\"font-weight: 400;\">En plena era digital, les xarxes socials s\u00f3n el teu millor aliat quan es tracta d&#8217;atreure els turistes i clients potencials. Tenir una pres\u00e8ncia firma a les xarxes socials far\u00e0 al teu negoci molt m\u00e9s accessible per als usuaris. <\/span><\/p>\n<p><span style=\"font-weight: 400;\">Tenir una bona identitat de marca a les xarxes socials, \u00e9s l&#8217;aparador digital del teu negoci. A trav\u00e9s d&#8217;elles, a m\u00e9s de generar i publicar contingut original, pots realitzar accions que et facin destacar de la compet\u00e8ncia i atreure l&#8217;atenci\u00f3 de clients potencials, com per exemple, fent sorteigs o concursos, oferint descomptes exclusius per a seguidors i creant contingut interessant que convideu els turistes a visitar el vostre establiment. <\/span><\/p>\n<p><span style=\"font-weight: 400;\">No perdis l&#8217;oportunitat de compartir fotos i v\u00eddeos cridaners del teu negoci a plataformes socials com Instagram i Facebook! <\/span><\/p>\n\t\t\t\t\t\t\t\t<\/div>\n\t\t\t\t<\/div>\n\t\t\t\t<div class=\"elementor-element elementor-element-b897af6 elementor-widget elementor-widget-heading\" data-id=\"b897af6\" data-element_type=\"widget\" data-e-type=\"widget\" data-widget_type=\"heading.default\">\n\t\t\t\t<div class=\"elementor-widget-container\">\n\t\t\t\t\t<h2 class=\"elementor-heading-title elementor-size-default\">Creaci\u00f3 d'experi\u00e8ncies memorables<\/h2>\t\t\t\t<\/div>\n\t\t\t\t<\/div>\n\t\t\t\t<div class=\"elementor-element elementor-element-e8ba750 elementor-widget elementor-widget-text-editor\" data-id=\"e8ba750\" data-element_type=\"widget\" data-e-type=\"widget\" data-widget_type=\"text-editor.default\">\n\t\t\t\t<div class=\"elementor-widget-container\">\n\t\t\t\t\t\t\t\t\t<p><span style=\"font-weight: 400;\">Fes que la visita al teu negoci sigui una experi\u00e8ncia inoblidable pels turistes. Organitza esdeveniments tem\u00e0tics, ofereix mostres gratu\u00eftes dels teus productes o serveis, o fins i tot convida artistes locals a fer actuacions en viu. Com m\u00e9s destacable sigui l&#8217;experi\u00e8ncia que ofereixis, m\u00e9s probabilitats tindr\u00e0s que els turistes tornin i recomanin el teu negoci als altres.  <\/span><\/p>\n\t\t\t\t\t\t\t\t<\/div>\n\t\t\t\t<\/div>\n\t\t\t\t<div class=\"elementor-element elementor-element-36cdfa7 elementor-widget elementor-widget-heading\" data-id=\"36cdfa7\" data-element_type=\"widget\" data-e-type=\"widget\" data-widget_type=\"heading.default\">\n\t\t\t\t<div class=\"elementor-widget-container\">\n\t\t\t\t\t<h2 class=\"elementor-heading-title elementor-size-default\">Col\u00b7laboraci\u00f3 amb negocis locals<\/h2>\t\t\t\t<\/div>\n\t\t\t\t<\/div>\n\t\t\t\t<div class=\"elementor-element elementor-element-326d21c elementor-widget elementor-widget-text-editor\" data-id=\"326d21c\" data-element_type=\"widget\" data-e-type=\"widget\" data-widget_type=\"text-editor.default\">\n\t\t\t\t<div class=\"elementor-widget-container\">\n\t\t\t\t\t\t\t\t\t<p><span style=\"font-weight: 400;\">Organitza esdeveniments conjunts, crea paquets tur\u00edstics combinats o simplement recomana als teus clients altres llocs interessants per visitar a la zona. Junts, podem crear una experi\u00e8ncia tur\u00edstica inoblidable pels nostres visitants. La creativitat i experi\u00e8ncia de Grafiks Estudi en la creaci\u00f3 de r\u00e8tols i cartells cridaners poden ser la soluci\u00f3 perfecta per promocionar qualsevol esdeveniment.   <\/span><\/p>\n<p><span style=\"font-weight: 400;\">Implementar una retolaci\u00f3 cridanera amb dissenys innovadors i materials d&#8217;alta qualitat, amb l&#8217;ajuda de Grafiks Estudio, et garantir\u00e0 que el teu esdeveniment o col\u00b7laboraci\u00f3 amb altres negocis sigui un \u00e8xit i que els turistes s&#8217;emportin records inoblidables de la seva visita.<\/span><\/p>\n<p><span style=\"font-weight: 400;\">El turisme no es tracta nom\u00e9s d&#8217;atreure els visitants al teu propi negoci, sin\u00f3 tamb\u00e9 crear experi\u00e8ncies completes! <\/span><\/p>\n\t\t\t\t\t\t\t\t<\/div>\n\t\t\t\t<\/div>\n\t\t\t\t<div class=\"elementor-element elementor-element-7aacbb7 elementor-widget elementor-widget-heading\" data-id=\"7aacbb7\" data-element_type=\"widget\" data-e-type=\"widget\" data-widget_type=\"heading.default\">\n\t\t\t\t<div class=\"elementor-widget-container\">\n\t\t\t\t\t<h2 class=\"elementor-heading-title elementor-size-default\">Feedback per part dels usuaris i millora cont\u00ednua<\/h2>\t\t\t\t<\/div>\n\t\t\t\t<\/div>\n\t\t\t\t<div class=\"elementor-element elementor-element-90b837e elementor-widget elementor-widget-text-editor\" data-id=\"90b837e\" data-element_type=\"widget\" data-e-type=\"widget\" data-widget_type=\"text-editor.default\">\n\t\t\t\t<div class=\"elementor-widget-container\">\n\t\t\t\t\t\t\t\t\t<p><span style=\"font-weight: 400;\">A les temporada de gran aflu\u00e8ncia i de turisme, rebre feedback per part dels teus clients \u00e9s essencial per comprendre les seves necessitats i expectatives. Utilitza aquesta informaci\u00f3 per realitzar millores cont\u00ednues al teu negoci, des d&#8217;ajustaments a la fa\u00e7ana del local, tipus de retolaci\u00f3 i senyal\u00e8tica, fins a l&#8217;optimitzaci\u00f3 del servei al client i la disposici\u00f3 de l&#8217;espai. Aquest enfocament no nom\u00e9s augmenta la satisfacci\u00f3 del client i fomenta la lleialtat, sin\u00f3 que tamb\u00e9 millora la reputaci\u00f3 del teu negoci i la seva rendibilitat a llarg termini al mercat tur\u00edstic. La millora cont\u00ednua \u00e9s clau per oferir una experi\u00e8ncia memorable i destacar durant la temporada de turisme davant de la compet\u00e8ncia.   <\/span><\/p>\n<p><span style=\"font-weight: 400;\">Preparar-se per a la temporada alta \u00e9s essencial per a l\u00e8xit del teu negoci durant l\u00e8poca tur\u00edstica. Planificar amb anticipaci\u00f3, millorar la infraestructura i brindar un servei al client s\u00f3n passos clau per aprofitar al m\u00e0xim aquesta oportunitat. Amb una bona preparaci\u00f3, podeu impulsar el vostre negoci i oferir experi\u00e8ncies memorables als visitants!  <\/span><\/p>\n\t\t\t\t\t\t\t\t<\/div>\n\t\t\t\t<\/div>\n\t\t\t\t<\/div>\n\t\t\t\t\t<\/div>\n\t\t\t\t<\/div>\n\t\t\t\t<\/div>\n\t\t","protected":false},"excerpt":{"rendered":"<p>COM PREPARAR I FER DESTACAR EL TEU NEGOCI A LES \u00c8POQUES DE MAJOR TURISME COM PREPARAR I FER DESTACAR EL TEU NEGOCI A LES \u00c8POQUES DE MAJOR TURISME Amb l&#8217;arribada del bon temps, s&#8217;inaugura l&#8217;\u00e8poca de l&#8217;any de m\u00e9s activitat per a la majoria de les empreses. La temporada d&#8217;estiu, juntament amb l&#8217;arribada del turisme, [&hellip;]<\/p>\n","protected":false},"author":2,"featured_media":3143,"comment_status":"closed","ping_status":"closed","sticky":false,"template":"","format":"standard","meta":{"_joinchat":[],"footnotes":""},"categories":[1],"tags":[],"class_list":["post-3142","post","type-post","status-publish","format-standard","has-post-thumbnail","hentry","category-sin-categorizar"],"yoast_head":"<!-- This site is optimized with the Yoast SEO plugin v27.3 - https:\/\/yoast.com\/product\/yoast-seo-wordpress\/ -->\n<title>COM PREPARAR I FER DESTACAR EL TEU NEGOCI A LES \u00c8POQUES DE MAJOR TURISME - Grafiks<\/title>\n<meta name=\"description\" content=\"Vols assegurar-te que el teu negoci destaqui a la temporada alta de turisme? Et deixem alguns consells pr\u00e0ctics per preparar el teu negoci\" \/>\n<meta name=\"robots\" content=\"index, follow, max-snippet:-1, max-image-preview:large, max-video-preview:-1\" \/>\n<link rel=\"canonical\" href=\"https:\/\/grafiksestudio.com\/ca\/com-preparar-i-fer-destacar-el-teu-negoci-a-les-epoques-de-major-turisme\/\" \/>\n<meta property=\"og:locale\" content=\"ca_ES\" \/>\n<meta property=\"og:type\" content=\"article\" \/>\n<meta property=\"og:title\" content=\"COM PREPARAR I FER DESTACAR EL TEU NEGOCI A LES \u00c8POQUES DE MAJOR TURISME - Grafiks\" \/>\n<meta property=\"og:description\" content=\"Vols assegurar-te que el teu negoci destaqui a la temporada alta de turisme? Et deixem alguns consells pr\u00e0ctics per preparar el teu negoci\" \/>\n<meta property=\"og:url\" content=\"https:\/\/grafiksestudio.com\/ca\/com-preparar-i-fer-destacar-el-teu-negoci-a-les-epoques-de-major-turisme\/\" \/>\n<meta property=\"og:site_name\" content=\"Grafiks\" \/>\n<meta property=\"article:publisher\" content=\"https:\/\/www.facebook.com\/GFKGrafiksestudio\" \/>\n<meta property=\"article:published_time\" content=\"2024-05-08T08:49:45+00:00\" \/>\n<meta property=\"article:modified_time\" content=\"2024-09-27T09:34:49+00:00\" \/>\n<meta property=\"og:image\" content=\"https:\/\/grafiksestudio.com\/wp-content\/uploads\/2024\/05\/Foto-1-_-8-mayo.jpeg\" \/>\n\t<meta property=\"og:image:width\" content=\"1040\" \/>\n\t<meta property=\"og:image:height\" content=\"600\" \/>\n\t<meta property=\"og:image:type\" content=\"image\/jpeg\" \/>\n<meta name=\"author\" content=\"Marta\" \/>\n<meta name=\"twitter:card\" content=\"summary_large_image\" \/>\n<meta name=\"twitter:label1\" content=\"Escrit per\" \/>\n\t<meta name=\"twitter:data1\" content=\"Marta\" \/>\n\t<meta name=\"twitter:label2\" content=\"Temps estimat de lectura\" \/>\n\t<meta name=\"twitter:data2\" content=\"5 minuts\" \/>\n<script type=\"application\/ld+json\" class=\"yoast-schema-graph\">{\"@context\":\"https:\\\/\\\/schema.org\",\"@graph\":[{\"@type\":\"Article\",\"@id\":\"https:\\\/\\\/grafiksestudio.com\\\/ca\\\/com-preparar-i-fer-destacar-el-teu-negoci-a-les-epoques-de-major-turisme\\\/#article\",\"isPartOf\":{\"@id\":\"https:\\\/\\\/grafiksestudio.com\\\/ca\\\/com-preparar-i-fer-destacar-el-teu-negoci-a-les-epoques-de-major-turisme\\\/\"},\"author\":{\"name\":\"Marta\",\"@id\":\"https:\\\/\\\/grafiksestudio.com\\\/ca\\\/#\\\/schema\\\/person\\\/edeac8f5edc877216074e8eff95111f9\"},\"headline\":\"COM PREPARAR I FER DESTACAR EL TEU NEGOCI A LES \u00c8POQUES DE MAJOR TURISME\",\"datePublished\":\"2024-05-08T08:49:45+00:00\",\"dateModified\":\"2024-09-27T09:34:49+00:00\",\"mainEntityOfPage\":{\"@id\":\"https:\\\/\\\/grafiksestudio.com\\\/ca\\\/com-preparar-i-fer-destacar-el-teu-negoci-a-les-epoques-de-major-turisme\\\/\"},\"wordCount\":1119,\"publisher\":{\"@id\":\"https:\\\/\\\/grafiksestudio.com\\\/ca\\\/#organization\"},\"image\":{\"@id\":\"https:\\\/\\\/grafiksestudio.com\\\/ca\\\/com-preparar-i-fer-destacar-el-teu-negoci-a-les-epoques-de-major-turisme\\\/#primaryimage\"},\"thumbnailUrl\":\"https:\\\/\\\/grafiksestudio.com\\\/wp-content\\\/uploads\\\/2024\\\/05\\\/Foto-1-_-8-mayo.jpeg\",\"articleSection\":[\"Sin categorizar\"],\"inLanguage\":\"ca\"},{\"@type\":\"WebPage\",\"@id\":\"https:\\\/\\\/grafiksestudio.com\\\/ca\\\/com-preparar-i-fer-destacar-el-teu-negoci-a-les-epoques-de-major-turisme\\\/\",\"url\":\"https:\\\/\\\/grafiksestudio.com\\\/ca\\\/com-preparar-i-fer-destacar-el-teu-negoci-a-les-epoques-de-major-turisme\\\/\",\"name\":\"COM PREPARAR I FER DESTACAR EL TEU NEGOCI A LES \u00c8POQUES DE MAJOR TURISME - Grafiks\",\"isPartOf\":{\"@id\":\"https:\\\/\\\/grafiksestudio.com\\\/ca\\\/#website\"},\"primaryImageOfPage\":{\"@id\":\"https:\\\/\\\/grafiksestudio.com\\\/ca\\\/com-preparar-i-fer-destacar-el-teu-negoci-a-les-epoques-de-major-turisme\\\/#primaryimage\"},\"image\":{\"@id\":\"https:\\\/\\\/grafiksestudio.com\\\/ca\\\/com-preparar-i-fer-destacar-el-teu-negoci-a-les-epoques-de-major-turisme\\\/#primaryimage\"},\"thumbnailUrl\":\"https:\\\/\\\/grafiksestudio.com\\\/wp-content\\\/uploads\\\/2024\\\/05\\\/Foto-1-_-8-mayo.jpeg\",\"datePublished\":\"2024-05-08T08:49:45+00:00\",\"dateModified\":\"2024-09-27T09:34:49+00:00\",\"description\":\"Vols assegurar-te que el teu negoci destaqui a la temporada alta de turisme? Et deixem alguns consells pr\u00e0ctics per preparar el teu negoci\",\"breadcrumb\":{\"@id\":\"https:\\\/\\\/grafiksestudio.com\\\/ca\\\/com-preparar-i-fer-destacar-el-teu-negoci-a-les-epoques-de-major-turisme\\\/#breadcrumb\"},\"inLanguage\":\"ca\",\"potentialAction\":[{\"@type\":\"ReadAction\",\"target\":[\"https:\\\/\\\/grafiksestudio.com\\\/ca\\\/com-preparar-i-fer-destacar-el-teu-negoci-a-les-epoques-de-major-turisme\\\/\"]}]},{\"@type\":\"ImageObject\",\"inLanguage\":\"ca\",\"@id\":\"https:\\\/\\\/grafiksestudio.com\\\/ca\\\/com-preparar-i-fer-destacar-el-teu-negoci-a-les-epoques-de-major-turisme\\\/#primaryimage\",\"url\":\"https:\\\/\\\/grafiksestudio.com\\\/wp-content\\\/uploads\\\/2024\\\/05\\\/Foto-1-_-8-mayo.jpeg\",\"contentUrl\":\"https:\\\/\\\/grafiksestudio.com\\\/wp-content\\\/uploads\\\/2024\\\/05\\\/Foto-1-_-8-mayo.jpeg\",\"width\":1040,\"height\":600},{\"@type\":\"BreadcrumbList\",\"@id\":\"https:\\\/\\\/grafiksestudio.com\\\/ca\\\/com-preparar-i-fer-destacar-el-teu-negoci-a-les-epoques-de-major-turisme\\\/#breadcrumb\",\"itemListElement\":[{\"@type\":\"ListItem\",\"position\":1,\"name\":\"Portada\",\"item\":\"https:\\\/\\\/grafiksestudio.com\\\/ca\\\/home\\\/\"},{\"@type\":\"ListItem\",\"position\":2,\"name\":\"COM PREPARAR I FER DESTACAR EL TEU NEGOCI A LES \u00c8POQUES DE MAJOR TURISME\"}]},{\"@type\":\"WebSite\",\"@id\":\"https:\\\/\\\/grafiksestudio.com\\\/ca\\\/#website\",\"url\":\"https:\\\/\\\/grafiksestudio.com\\\/ca\\\/\",\"name\":\"Grafiks\",\"description\":\"Servicios integrales de rotulaci\u00f3n\",\"publisher\":{\"@id\":\"https:\\\/\\\/grafiksestudio.com\\\/ca\\\/#organization\"},\"alternateName\":\"Grafiks\",\"potentialAction\":[{\"@type\":\"SearchAction\",\"target\":{\"@type\":\"EntryPoint\",\"urlTemplate\":\"https:\\\/\\\/grafiksestudio.com\\\/ca\\\/?s={search_term_string}\"},\"query-input\":{\"@type\":\"PropertyValueSpecification\",\"valueRequired\":true,\"valueName\":\"search_term_string\"}}],\"inLanguage\":\"ca\"},{\"@type\":\"Organization\",\"@id\":\"https:\\\/\\\/grafiksestudio.com\\\/ca\\\/#organization\",\"name\":\"Grafiks\",\"alternateName\":\"Grafiks\",\"url\":\"https:\\\/\\\/grafiksestudio.com\\\/ca\\\/\",\"logo\":{\"@type\":\"ImageObject\",\"inLanguage\":\"ca\",\"@id\":\"https:\\\/\\\/grafiksestudio.com\\\/ca\\\/#\\\/schema\\\/logo\\\/image\\\/\",\"url\":\"https:\\\/\\\/grafiksestudio.com\\\/wp-content\\\/uploads\\\/2024\\\/04\\\/BL_LOGO_GRAFIKS20_WEB-listo.png\",\"contentUrl\":\"https:\\\/\\\/grafiksestudio.com\\\/wp-content\\\/uploads\\\/2024\\\/04\\\/BL_LOGO_GRAFIKS20_WEB-listo.png\",\"width\":600,\"height\":93,\"caption\":\"Grafiks\"},\"image\":{\"@id\":\"https:\\\/\\\/grafiksestudio.com\\\/ca\\\/#\\\/schema\\\/logo\\\/image\\\/\"},\"sameAs\":[\"https:\\\/\\\/www.facebook.com\\\/GFKGrafiksestudio\",\"https:\\\/\\\/www.instagram.com\\\/grafiksestudio\\\/\",\"https:\\\/\\\/www.linkedin.com\\\/company\\\/grafiks-estudio\\\/\",\"https:\\\/\\\/www.tiktok.com\\\/@grafiksestudio\"]},{\"@type\":\"Person\",\"@id\":\"https:\\\/\\\/grafiksestudio.com\\\/ca\\\/#\\\/schema\\\/person\\\/edeac8f5edc877216074e8eff95111f9\",\"name\":\"Marta\",\"image\":{\"@type\":\"ImageObject\",\"inLanguage\":\"ca\",\"@id\":\"https:\\\/\\\/secure.gravatar.com\\\/avatar\\\/f86e2eff238b2167db3338fb78ecfb11ee296d5d2dbd19147c8fcef45bb14009?s=96&d=mm&r=g\",\"url\":\"https:\\\/\\\/secure.gravatar.com\\\/avatar\\\/f86e2eff238b2167db3338fb78ecfb11ee296d5d2dbd19147c8fcef45bb14009?s=96&d=mm&r=g\",\"contentUrl\":\"https:\\\/\\\/secure.gravatar.com\\\/avatar\\\/f86e2eff238b2167db3338fb78ecfb11ee296d5d2dbd19147c8fcef45bb14009?s=96&d=mm&r=g\",\"caption\":\"Marta\"},\"url\":\"https:\\\/\\\/grafiksestudio.com\\\/ca\\\/author\\\/marta\\\/\"}]}<\/script>\n<!-- \/ Yoast SEO plugin. -->","yoast_head_json":{"title":"COM PREPARAR I FER DESTACAR EL TEU NEGOCI A LES \u00c8POQUES DE MAJOR TURISME - Grafiks","description":"Vols assegurar-te que el teu negoci destaqui a la temporada alta de turisme? Et deixem alguns consells pr\u00e0ctics per preparar el teu negoci","robots":{"index":"index","follow":"follow","max-snippet":"max-snippet:-1","max-image-preview":"max-image-preview:large","max-video-preview":"max-video-preview:-1"},"canonical":"https:\/\/grafiksestudio.com\/ca\/com-preparar-i-fer-destacar-el-teu-negoci-a-les-epoques-de-major-turisme\/","og_locale":"ca_ES","og_type":"article","og_title":"COM PREPARAR I FER DESTACAR EL TEU NEGOCI A LES \u00c8POQUES DE MAJOR TURISME - Grafiks","og_description":"Vols assegurar-te que el teu negoci destaqui a la temporada alta de turisme? Et deixem alguns consells pr\u00e0ctics per preparar el teu negoci","og_url":"https:\/\/grafiksestudio.com\/ca\/com-preparar-i-fer-destacar-el-teu-negoci-a-les-epoques-de-major-turisme\/","og_site_name":"Grafiks","article_publisher":"https:\/\/www.facebook.com\/GFKGrafiksestudio","article_published_time":"2024-05-08T08:49:45+00:00","article_modified_time":"2024-09-27T09:34:49+00:00","og_image":[{"width":1040,"height":600,"url":"https:\/\/grafiksestudio.com\/wp-content\/uploads\/2024\/05\/Foto-1-_-8-mayo.jpeg","type":"image\/jpeg"}],"author":"Marta","twitter_card":"summary_large_image","twitter_misc":{"Escrit per":"Marta","Temps estimat de lectura":"5 minuts"},"schema":{"@context":"https:\/\/schema.org","@graph":[{"@type":"Article","@id":"https:\/\/grafiksestudio.com\/ca\/com-preparar-i-fer-destacar-el-teu-negoci-a-les-epoques-de-major-turisme\/#article","isPartOf":{"@id":"https:\/\/grafiksestudio.com\/ca\/com-preparar-i-fer-destacar-el-teu-negoci-a-les-epoques-de-major-turisme\/"},"author":{"name":"Marta","@id":"https:\/\/grafiksestudio.com\/ca\/#\/schema\/person\/edeac8f5edc877216074e8eff95111f9"},"headline":"COM PREPARAR I FER DESTACAR EL TEU NEGOCI A LES \u00c8POQUES DE MAJOR TURISME","datePublished":"2024-05-08T08:49:45+00:00","dateModified":"2024-09-27T09:34:49+00:00","mainEntityOfPage":{"@id":"https:\/\/grafiksestudio.com\/ca\/com-preparar-i-fer-destacar-el-teu-negoci-a-les-epoques-de-major-turisme\/"},"wordCount":1119,"publisher":{"@id":"https:\/\/grafiksestudio.com\/ca\/#organization"},"image":{"@id":"https:\/\/grafiksestudio.com\/ca\/com-preparar-i-fer-destacar-el-teu-negoci-a-les-epoques-de-major-turisme\/#primaryimage"},"thumbnailUrl":"https:\/\/grafiksestudio.com\/wp-content\/uploads\/2024\/05\/Foto-1-_-8-mayo.jpeg","articleSection":["Sin categorizar"],"inLanguage":"ca"},{"@type":"WebPage","@id":"https:\/\/grafiksestudio.com\/ca\/com-preparar-i-fer-destacar-el-teu-negoci-a-les-epoques-de-major-turisme\/","url":"https:\/\/grafiksestudio.com\/ca\/com-preparar-i-fer-destacar-el-teu-negoci-a-les-epoques-de-major-turisme\/","name":"COM PREPARAR I FER DESTACAR EL TEU NEGOCI A LES \u00c8POQUES DE MAJOR TURISME - Grafiks","isPartOf":{"@id":"https:\/\/grafiksestudio.com\/ca\/#website"},"primaryImageOfPage":{"@id":"https:\/\/grafiksestudio.com\/ca\/com-preparar-i-fer-destacar-el-teu-negoci-a-les-epoques-de-major-turisme\/#primaryimage"},"image":{"@id":"https:\/\/grafiksestudio.com\/ca\/com-preparar-i-fer-destacar-el-teu-negoci-a-les-epoques-de-major-turisme\/#primaryimage"},"thumbnailUrl":"https:\/\/grafiksestudio.com\/wp-content\/uploads\/2024\/05\/Foto-1-_-8-mayo.jpeg","datePublished":"2024-05-08T08:49:45+00:00","dateModified":"2024-09-27T09:34:49+00:00","description":"Vols assegurar-te que el teu negoci destaqui a la temporada alta de turisme? Et deixem alguns consells pr\u00e0ctics per preparar el teu negoci","breadcrumb":{"@id":"https:\/\/grafiksestudio.com\/ca\/com-preparar-i-fer-destacar-el-teu-negoci-a-les-epoques-de-major-turisme\/#breadcrumb"},"inLanguage":"ca","potentialAction":[{"@type":"ReadAction","target":["https:\/\/grafiksestudio.com\/ca\/com-preparar-i-fer-destacar-el-teu-negoci-a-les-epoques-de-major-turisme\/"]}]},{"@type":"ImageObject","inLanguage":"ca","@id":"https:\/\/grafiksestudio.com\/ca\/com-preparar-i-fer-destacar-el-teu-negoci-a-les-epoques-de-major-turisme\/#primaryimage","url":"https:\/\/grafiksestudio.com\/wp-content\/uploads\/2024\/05\/Foto-1-_-8-mayo.jpeg","contentUrl":"https:\/\/grafiksestudio.com\/wp-content\/uploads\/2024\/05\/Foto-1-_-8-mayo.jpeg","width":1040,"height":600},{"@type":"BreadcrumbList","@id":"https:\/\/grafiksestudio.com\/ca\/com-preparar-i-fer-destacar-el-teu-negoci-a-les-epoques-de-major-turisme\/#breadcrumb","itemListElement":[{"@type":"ListItem","position":1,"name":"Portada","item":"https:\/\/grafiksestudio.com\/ca\/home\/"},{"@type":"ListItem","position":2,"name":"COM PREPARAR I FER DESTACAR EL TEU NEGOCI A LES \u00c8POQUES DE MAJOR TURISME"}]},{"@type":"WebSite","@id":"https:\/\/grafiksestudio.com\/ca\/#website","url":"https:\/\/grafiksestudio.com\/ca\/","name":"Grafiks","description":"Servicios integrales de rotulaci\u00f3n","publisher":{"@id":"https:\/\/grafiksestudio.com\/ca\/#organization"},"alternateName":"Grafiks","potentialAction":[{"@type":"SearchAction","target":{"@type":"EntryPoint","urlTemplate":"https:\/\/grafiksestudio.com\/ca\/?s={search_term_string}"},"query-input":{"@type":"PropertyValueSpecification","valueRequired":true,"valueName":"search_term_string"}}],"inLanguage":"ca"},{"@type":"Organization","@id":"https:\/\/grafiksestudio.com\/ca\/#organization","name":"Grafiks","alternateName":"Grafiks","url":"https:\/\/grafiksestudio.com\/ca\/","logo":{"@type":"ImageObject","inLanguage":"ca","@id":"https:\/\/grafiksestudio.com\/ca\/#\/schema\/logo\/image\/","url":"https:\/\/grafiksestudio.com\/wp-content\/uploads\/2024\/04\/BL_LOGO_GRAFIKS20_WEB-listo.png","contentUrl":"https:\/\/grafiksestudio.com\/wp-content\/uploads\/2024\/04\/BL_LOGO_GRAFIKS20_WEB-listo.png","width":600,"height":93,"caption":"Grafiks"},"image":{"@id":"https:\/\/grafiksestudio.com\/ca\/#\/schema\/logo\/image\/"},"sameAs":["https:\/\/www.facebook.com\/GFKGrafiksestudio","https:\/\/www.instagram.com\/grafiksestudio\/","https:\/\/www.linkedin.com\/company\/grafiks-estudio\/","https:\/\/www.tiktok.com\/@grafiksestudio"]},{"@type":"Person","@id":"https:\/\/grafiksestudio.com\/ca\/#\/schema\/person\/edeac8f5edc877216074e8eff95111f9","name":"Marta","image":{"@type":"ImageObject","inLanguage":"ca","@id":"https:\/\/secure.gravatar.com\/avatar\/f86e2eff238b2167db3338fb78ecfb11ee296d5d2dbd19147c8fcef45bb14009?s=96&d=mm&r=g","url":"https:\/\/secure.gravatar.com\/avatar\/f86e2eff238b2167db3338fb78ecfb11ee296d5d2dbd19147c8fcef45bb14009?s=96&d=mm&r=g","contentUrl":"https:\/\/secure.gravatar.com\/avatar\/f86e2eff238b2167db3338fb78ecfb11ee296d5d2dbd19147c8fcef45bb14009?s=96&d=mm&r=g","caption":"Marta"},"url":"https:\/\/grafiksestudio.com\/ca\/author\/marta\/"}]}},"_links":{"self":[{"href":"https:\/\/grafiksestudio.com\/ca\/wp-json\/wp\/v2\/posts\/3142","targetHints":{"allow":["GET"]}}],"collection":[{"href":"https:\/\/grafiksestudio.com\/ca\/wp-json\/wp\/v2\/posts"}],"about":[{"href":"https:\/\/grafiksestudio.com\/ca\/wp-json\/wp\/v2\/types\/post"}],"author":[{"embeddable":true,"href":"https:\/\/grafiksestudio.com\/ca\/wp-json\/wp\/v2\/users\/2"}],"replies":[{"embeddable":true,"href":"https:\/\/grafiksestudio.com\/ca\/wp-json\/wp\/v2\/comments?post=3142"}],"version-history":[{"count":0,"href":"https:\/\/grafiksestudio.com\/ca\/wp-json\/wp\/v2\/posts\/3142\/revisions"}],"wp:featuredmedia":[{"embeddable":true,"href":"https:\/\/grafiksestudio.com\/ca\/wp-json\/wp\/v2\/media\/3143"}],"wp:attachment":[{"href":"https:\/\/grafiksestudio.com\/ca\/wp-json\/wp\/v2\/media?parent=3142"}],"wp:term":[{"taxonomy":"category","embeddable":true,"href":"https:\/\/grafiksestudio.com\/ca\/wp-json\/wp\/v2\/categories?post=3142"},{"taxonomy":"post_tag","embeddable":true,"href":"https:\/\/grafiksestudio.com\/ca\/wp-json\/wp\/v2\/tags?post=3142"}],"curies":[{"name":"wp","href":"https:\/\/api.w.org\/{rel}","templated":true}]}}