{"id":6099,"date":"2024-12-27T10:00:00","date_gmt":"2024-12-27T10:00:00","guid":{"rendered":"https:\/\/grafiksestudio.com\/?p=6099"},"modified":"2025-01-16T13:41:18","modified_gmt":"2025-01-16T13:41:18","slug":"any-nou-nova-imatge-crea-la-teva-identitat-de-marca","status":"publish","type":"post","link":"https:\/\/grafiksestudio.com\/ca\/any-nou-nova-imatge-crea-la-teva-identitat-de-marca\/","title":{"rendered":"ANY NOU, NOVA IMATGE. CREA LA TEVA IDENTITAT DE MARCA"},"content":{"rendered":"\t\t<div data-elementor-type=\"wp-post\" data-elementor-id=\"6099\" class=\"elementor elementor-6099 elementor-6052\" data-elementor-post-type=\"post\">\n\t\t\t\t<div class=\"elementor-element elementor-element-ee74e56 e-flex e-con-boxed qodef-elementor-content-no e-con e-parent\" data-id=\"ee74e56\" data-element_type=\"container\" data-e-type=\"container\" data-settings=\"{&quot;background_background&quot;:&quot;classic&quot;}\">\n\t\t\t\t\t<div class=\"e-con-inner\">\n\t\t\t\t<div class=\"elementor-element elementor-element-bf2a41b elementor-widget elementor-widget-spacer\" data-id=\"bf2a41b\" data-element_type=\"widget\" data-e-type=\"widget\" data-widget_type=\"spacer.default\">\n\t\t\t\t<div class=\"elementor-widget-container\">\n\t\t\t\t\t\t\t<div class=\"elementor-spacer\">\n\t\t\t<div class=\"elementor-spacer-inner\"><\/div>\n\t\t<\/div>\n\t\t\t\t\t\t<\/div>\n\t\t\t\t<\/div>\n\t\t\t\t<div class=\"elementor-element elementor-element-b2d85e3 elementor-widget elementor-widget-heading\" data-id=\"b2d85e3\" data-element_type=\"widget\" data-e-type=\"widget\" data-widget_type=\"heading.default\">\n\t\t\t\t<div class=\"elementor-widget-container\">\n\t\t\t\t\t<h1 class=\"elementor-heading-title elementor-size-default\"><p dir=\"ltr\" style=\"line-height: 1.2;margin-top: 0pt;margin-bottom: 0pt\">ANY NOU, NOVA IMATGE. CREA LA TEVA IDENTITAT DE MARCA <\/p><\/h1>\t\t\t\t<\/div>\n\t\t\t\t<\/div>\n\t\t\t\t<div class=\"elementor-element elementor-element-b02cc68 elementor-widget elementor-widget-spacer\" data-id=\"b02cc68\" data-element_type=\"widget\" data-e-type=\"widget\" data-widget_type=\"spacer.default\">\n\t\t\t\t<div class=\"elementor-widget-container\">\n\t\t\t\t\t\t\t<div class=\"elementor-spacer\">\n\t\t\t<div class=\"elementor-spacer-inner\"><\/div>\n\t\t<\/div>\n\t\t\t\t\t\t<\/div>\n\t\t\t\t<\/div>\n\t\t\t\t\t<\/div>\n\t\t\t\t<\/div>\n\t\t<div class=\"elementor-element elementor-element-b740e2b e-con-full e-flex qodef-elementor-content-no e-con e-parent\" data-id=\"b740e2b\" data-element_type=\"container\" data-e-type=\"container\">\n\t\t<div class=\"elementor-element elementor-element-7d9586d e-con-full e-flex qodef-elementor-content-no e-con e-child\" data-id=\"7d9586d\" data-element_type=\"container\" data-e-type=\"container\">\n\t\t\t\t<div class=\"elementor-element elementor-element-d28998b elementor-widget elementor-widget-spacer\" data-id=\"d28998b\" data-element_type=\"widget\" data-e-type=\"widget\" data-widget_type=\"spacer.default\">\n\t\t\t\t<div class=\"elementor-widget-container\">\n\t\t\t\t\t\t\t<div class=\"elementor-spacer\">\n\t\t\t<div class=\"elementor-spacer-inner\"><\/div>\n\t\t<\/div>\n\t\t\t\t\t\t<\/div>\n\t\t\t\t<\/div>\n\t\t\t\t<div class=\"elementor-element elementor-element-fb44275 elementor-widget elementor-widget-heading\" data-id=\"fb44275\" data-element_type=\"widget\" data-e-type=\"widget\" data-widget_type=\"heading.default\">\n\t\t\t\t<div class=\"elementor-widget-container\">\n\t\t\t\t\t<h2 class=\"elementor-heading-title elementor-size-default\">ANY NOU, NOVA IMATGE. CREA LA TEVA IDENTITAT DE MARCA <\/h2>\t\t\t\t<\/div>\n\t\t\t\t<\/div>\n\t\t\t\t<\/div>\n\t\t<div class=\"elementor-element elementor-element-bef11ee e-con-full e-flex qodef-elementor-content-no e-con e-child\" data-id=\"bef11ee\" data-element_type=\"container\" data-e-type=\"container\">\n\t\t\t\t<div class=\"elementor-element elementor-element-3665694 elementor-widget elementor-widget-spacer\" data-id=\"3665694\" data-element_type=\"widget\" data-e-type=\"widget\" data-widget_type=\"spacer.default\">\n\t\t\t\t<div class=\"elementor-widget-container\">\n\t\t\t\t\t\t\t<div class=\"elementor-spacer\">\n\t\t\t<div class=\"elementor-spacer-inner\"><\/div>\n\t\t<\/div>\n\t\t\t\t\t\t<\/div>\n\t\t\t\t<\/div>\n\t\t\t\t<div class=\"elementor-element elementor-element-ceb210b elementor-widget elementor-widget-text-editor\" data-id=\"ceb210b\" data-element_type=\"widget\" data-e-type=\"widget\" data-widget_type=\"text-editor.default\">\n\t\t\t\t<div class=\"elementor-widget-container\">\n\t\t\t\t\t\t\t\t\t<p>L&#8217;inici d&#8217;un nou any \u00e9s el moment perfecte per a reinventar-se, tant a nivell personal com professional. Nous projectes, objectius i prop\u00f2sits marquen el comen\u00e7ament d&#8217;una etapa plena d&#8217;oportunitats. <\/p>\n<p>Per aix\u00f2, tamb\u00e9 \u00e9s una excel\u00b7lent ocasi\u00f3 per a reorientar la teva empresa cap a les teves metes, renovar la seva identitat i enfortir la teva marca per a mantenir-la rellevant en un mercat tan competitiu.<\/p>\n<p>En aquest article, explorarem qu\u00e8 \u00e9s la identitat de marca i destacarem els senyals clau que indiquen quan \u00e9s el moment de renovar la teva imatge corporativa<\/p>\n\t\t\t\t\t\t\t\t<\/div>\n\t\t\t\t<\/div>\n\t\t\t\t<div class=\"elementor-element elementor-element-5ba7f53 elementor-widget elementor-widget-spacer\" data-id=\"5ba7f53\" data-element_type=\"widget\" data-e-type=\"widget\" data-widget_type=\"spacer.default\">\n\t\t\t\t<div class=\"elementor-widget-container\">\n\t\t\t\t\t\t\t<div class=\"elementor-spacer\">\n\t\t\t<div class=\"elementor-spacer-inner\"><\/div>\n\t\t<\/div>\n\t\t\t\t\t\t<\/div>\n\t\t\t\t<\/div>\n\t\t\t\t<div class=\"elementor-element elementor-element-b76fe18 elementor-widget elementor-widget-heading\" data-id=\"b76fe18\" data-element_type=\"widget\" data-e-type=\"widget\" data-widget_type=\"heading.default\">\n\t\t\t\t<div class=\"elementor-widget-container\">\n\t\t\t\t\t<h2 class=\"elementor-heading-title elementor-size-default\">Qu\u00e8 \u00e9s la identitat de marca i per qu\u00e8 \u00e9s important per al teu negoci?<\/h2>\t\t\t\t<\/div>\n\t\t\t\t<\/div>\n\t\t\t\t<div class=\"elementor-element elementor-element-8243594 elementor-widget elementor-widget-text-editor\" data-id=\"8243594\" data-element_type=\"widget\" data-e-type=\"widget\" data-widget_type=\"text-editor.default\">\n\t\t\t\t<div class=\"elementor-widget-container\">\n\t\t\t\t\t\t\t\t\t<p>La identitat de marca \u00e9s la manera en qu\u00e8 la teva empresa es presenta al m\u00f3n. Segons Wix (2024), <strong>\u201c\u00e9s la forma en qu\u00e8 la teva empresa es presenta a si mateixa\u201d<\/strong>. Aix\u00f2 inclou la<strong> personalitat, els valors, la veu de la marca i la seva identitat visual <\/strong>(paleta de colors, tipografia, logotip), entre altres elements.  <\/p>\n<p>\u00c9s crucial tenir en compte tots aquests aspectes en replantejar accions o estrat\u00e8gies, assegurant que estiguin <strong>alineats amb el que desitges transmetre al teu p\u00fablic objectiu.<\/strong> Una identitat de marca s\u00f2lida no sols difer\u00e8ncia a la teva empresa de la compet\u00e8ncia, sin\u00f3 que tamb\u00e9 construeix confian\u00e7a i connecta emocionalment amb els consumidors. <\/p>\n\t\t\t\t\t\t\t\t<\/div>\n\t\t\t\t<\/div>\n\t\t\t\t<div class=\"elementor-element elementor-element-20b926e elementor-widget elementor-widget-heading\" data-id=\"20b926e\" data-element_type=\"widget\" data-e-type=\"widget\" data-widget_type=\"heading.default\">\n\t\t\t\t<div class=\"elementor-widget-container\">\n\t\t\t\t\t<h4 class=\"elementor-heading-title elementor-size-default\">Elements clau <\/h4>\t\t\t\t<\/div>\n\t\t\t\t<\/div>\n\t\t\t\t<div class=\"elementor-element elementor-element-531e19e elementor-widget elementor-widget-text-editor\" data-id=\"531e19e\" data-element_type=\"widget\" data-e-type=\"widget\" data-widget_type=\"text-editor.default\">\n\t\t\t\t<div class=\"elementor-widget-container\">\n\t\t\t\t\t\t\t\t\t<p>Com hem esmentat, la identitat de marca abasta diversos aspectes essencials que permeten comunicar-te de manera coherent amb el teu p\u00fablic objectiu. Aquests elements han d&#8217;estar alineats i clarament definits perqu\u00e8 les teves estrat\u00e8gies i missatges aconsegueixin l&#8217;impacte desitjat. <\/p>\n\t\t\t\t\t\t\t\t<\/div>\n\t\t\t\t<\/div>\n\t\t\t\t<div class=\"elementor-element elementor-element-be676c4 elementor-widget elementor-widget-text-editor\" data-id=\"be676c4\" data-element_type=\"widget\" data-e-type=\"widget\" data-widget_type=\"text-editor.default\">\n\t\t\t\t<div class=\"elementor-widget-container\">\n\t\t\t\t\t\t\t\t\t<ul>\n<li><strong>Logotip i disseny gr\u00e0fic:<\/strong> El logotip \u00e9s l&#8217;element m\u00e9s representatiu de la teva marca. Ha d&#8217;estar dissenyat per a <strong>transmetre de manera clara els valors de la teva empresa<\/strong> i connectar efica\u00e7ment amb el teu p\u00fablic objectiu. \u00c9s una pe\u00e7a central que ha de mantenir-se coherent en totes les plataformes i suports.  <\/li>\n<\/ul>\n\t\t\t\t\t\t\t\t<\/div>\n\t\t\t\t<\/div>\n\t\t\t\t<div class=\"elementor-element elementor-element-ef565b3 elementor-widget elementor-widget-text-editor\" data-id=\"ef565b3\" data-element_type=\"widget\" data-e-type=\"widget\" data-widget_type=\"text-editor.default\">\n\t\t\t\t<div class=\"elementor-widget-container\">\n\t\t\t\t\t\t\t\t\t<ul>\n<li><strong>Tipografia:<\/strong> La tipografia reflecteix l&#8217;estil i la personalitat de la teva marca, ja sigui formal, juvenil, atrevida o professional. A m\u00e9s, comunica directament amb el p\u00fablic al qual et dirigeixes. Per exemple, una tipografia moderna podria estar m\u00e9s orientada cap a un p\u00fablic jove, mentre que una cl\u00e0ssica funciona millor per a marques dirigides a adults o sectors m\u00e9s tradicionals. \u00c9s essencial mantenir aquesta coher\u00e8ncia tant en mitjans digitals com en elements f\u00edsics, <strong>com la retolaci\u00f3 del teu establiment.<\/strong>   <\/li>\n<\/ul>\n\t\t\t\t\t\t\t\t<\/div>\n\t\t\t\t<\/div>\n\t\t\t\t<div class=\"elementor-element elementor-element-0e676ed elementor-widget elementor-widget-text-editor\" data-id=\"0e676ed\" data-element_type=\"widget\" data-e-type=\"widget\" data-widget_type=\"text-editor.default\">\n\t\t\t\t<div class=\"elementor-widget-container\">\n\t\t\t\t\t\t\t\t\t<ul>\n<li><strong>Paleta de colors: <\/strong>Els colors no sols reforcen el reconeixement de la marca, sin\u00f3 que tamb\u00e9<strong> evoquen emocions i associacions en els consumidors.<\/strong> Per exemple, el vermell transmet energia i passi\u00f3, mentre que el blau reflecteix confian\u00e7a i professionalisme. A m\u00e9s, els colors han d&#8217;adaptar-se al sector en el qual operes. Per exemple, el sector aliment\u00f3s pot preferir tons c\u00e0lids i vius, mentre que els productes de luxe solen emprar colors m\u00e9s sobris i elegants.   <\/li>\n<\/ul>\n\t\t\t\t\t\t\t\t<\/div>\n\t\t\t\t<\/div>\n\t\t\t\t<div class=\"elementor-element elementor-element-f4b3cf0 elementor-widget elementor-widget-image\" data-id=\"f4b3cf0\" data-element_type=\"widget\" data-e-type=\"widget\" data-widget_type=\"image.default\">\n\t\t\t\t<div class=\"elementor-widget-container\">\n\t\t\t\t\t\t\t\t\t\t\t\t\t\t\t<img fetchpriority=\"high\" decoding=\"async\" width=\"768\" height=\"603\" src=\"https:\/\/grafiksestudio.com\/wp-content\/uploads\/2024\/11\/shutterstock_600286775-768x603.jpg\" class=\"attachment-medium_large size-medium_large wp-image-6070\" alt=\"\" srcset=\"https:\/\/grafiksestudio.com\/wp-content\/uploads\/2024\/11\/shutterstock_600286775-768x603.jpg 768w, https:\/\/grafiksestudio.com\/wp-content\/uploads\/2024\/11\/shutterstock_600286775-300x236.jpg 300w, https:\/\/grafiksestudio.com\/wp-content\/uploads\/2024\/11\/shutterstock_600286775-1024x804.jpg 1024w, https:\/\/grafiksestudio.com\/wp-content\/uploads\/2024\/11\/shutterstock_600286775-1536x1206.jpg 1536w, https:\/\/grafiksestudio.com\/wp-content\/uploads\/2024\/11\/shutterstock_600286775-2048x1608.jpg 2048w\" sizes=\"(max-width: 768px) 100vw, 768px\" \/>\t\t\t\t\t\t\t\t\t\t\t\t\t\t\t<\/div>\n\t\t\t\t<\/div>\n\t\t\t\t<div class=\"elementor-element elementor-element-c3494cc elementor-widget elementor-widget-spacer\" data-id=\"c3494cc\" data-element_type=\"widget\" data-e-type=\"widget\" data-widget_type=\"spacer.default\">\n\t\t\t\t<div class=\"elementor-widget-container\">\n\t\t\t\t\t\t\t<div class=\"elementor-spacer\">\n\t\t\t<div class=\"elementor-spacer-inner\"><\/div>\n\t\t<\/div>\n\t\t\t\t\t\t<\/div>\n\t\t\t\t<\/div>\n\t\t\t\t<div class=\"elementor-element elementor-element-cfb88e6 elementor-widget elementor-widget-spacer\" data-id=\"cfb88e6\" data-element_type=\"widget\" data-e-type=\"widget\" data-widget_type=\"spacer.default\">\n\t\t\t\t<div class=\"elementor-widget-container\">\n\t\t\t\t\t\t\t<div class=\"elementor-spacer\">\n\t\t\t<div class=\"elementor-spacer-inner\"><\/div>\n\t\t<\/div>\n\t\t\t\t\t\t<\/div>\n\t\t\t\t<\/div>\n\t\t\t\t<div class=\"elementor-element elementor-element-c67e0e9 elementor-widget elementor-widget-spacer\" data-id=\"c67e0e9\" data-element_type=\"widget\" data-e-type=\"widget\" data-widget_type=\"spacer.default\">\n\t\t\t\t<div class=\"elementor-widget-container\">\n\t\t\t\t\t\t\t<div class=\"elementor-spacer\">\n\t\t\t<div class=\"elementor-spacer-inner\"><\/div>\n\t\t<\/div>\n\t\t\t\t\t\t<\/div>\n\t\t\t\t<\/div>\n\t\t\t\t<div class=\"elementor-element elementor-element-375caf8 elementor-widget elementor-widget-heading\" data-id=\"375caf8\" data-element_type=\"widget\" data-e-type=\"widget\" data-widget_type=\"heading.default\">\n\t\t\t\t<div class=\"elementor-widget-container\">\n\t\t\t\t\t<h2 class=\"elementor-heading-title elementor-size-default\">Senyals que necessites renovar la teva identitat de marca\n<\/h2>\t\t\t\t<\/div>\n\t\t\t\t<\/div>\n\t\t\t\t<div class=\"elementor-element elementor-element-3d31e4f elementor-widget elementor-widget-text-editor\" data-id=\"3d31e4f\" data-element_type=\"widget\" data-e-type=\"widget\" data-widget_type=\"text-editor.default\">\n\t\t\t\t<div class=\"elementor-widget-container\">\n\t\t\t\t\t\t\t\t\t<p>Si la teva empresa ha perdut connexi\u00f3 amb el seu p\u00fablic o no est\u00e0 aconseguint els resultats desitjats, podria ser moment de renovar la teva identitat de marca. A continuaci\u00f3, destaquem alguns senyals clau que indiquen que \u00e9s hora d&#8217;un canvi: <\/p>\n\t\t\t\t\t\t\t\t<\/div>\n\t\t\t\t<\/div>\n\t\t\t\t<div class=\"elementor-element elementor-element-1b07939 elementor-widget elementor-widget-heading\" data-id=\"1b07939\" data-element_type=\"widget\" data-e-type=\"widget\" data-widget_type=\"heading.default\">\n\t\t\t\t<div class=\"elementor-widget-container\">\n\t\t\t\t\t<h4 class=\"elementor-heading-title elementor-size-default\">1. La teva marca no crea una comunitat<\/h4>\t\t\t\t<\/div>\n\t\t\t\t<\/div>\n\t\t\t\t<div class=\"elementor-element elementor-element-dace9df elementor-widget elementor-widget-text-editor\" data-id=\"dace9df\" data-element_type=\"widget\" data-e-type=\"widget\" data-widget_type=\"text-editor.default\">\n\t\t\t\t<div class=\"elementor-widget-container\">\n\t\t\t\t\t\t\t\t\t<p>Si la teva <strong>marca no connecta emocionalmente <\/strong>con el teu p\u00fablic objectiu, els esfor\u00e7os en publicitat o estrat\u00e8gies de m\u00e0rqueting poden ser poc efectius. Una renovaci\u00f3 s\u00f2lida de la identitat de marca pot ajudar-te a fidelizar als teus clients i augmentar la seva participaci\u00f3. Aix\u00f2 far\u00e0 que la teva marca sigui memorable i generi un impacte positiu en el p\u00fablic.  <\/p>\n\t\t\t\t\t\t\t\t<\/div>\n\t\t\t\t<\/div>\n\t\t\t\t<div class=\"elementor-element elementor-element-b6421aa elementor-widget elementor-widget-image\" data-id=\"b6421aa\" data-element_type=\"widget\" data-e-type=\"widget\" data-widget_type=\"image.default\">\n\t\t\t\t<div class=\"elementor-widget-container\">\n\t\t\t\t\t\t\t\t\t\t\t\t\t\t\t<img decoding=\"async\" width=\"768\" height=\"512\" src=\"https:\/\/grafiksestudio.com\/wp-content\/uploads\/2024\/11\/Foto-4-ID-768x512.jpg\" class=\"attachment-medium_large size-medium_large wp-image-6082\" alt=\"\" srcset=\"https:\/\/grafiksestudio.com\/wp-content\/uploads\/2024\/11\/Foto-4-ID-768x512.jpg 768w, https:\/\/grafiksestudio.com\/wp-content\/uploads\/2024\/11\/Foto-4-ID-300x200.jpg 300w, https:\/\/grafiksestudio.com\/wp-content\/uploads\/2024\/11\/Foto-4-ID-1024x683.jpg 1024w, https:\/\/grafiksestudio.com\/wp-content\/uploads\/2024\/11\/Foto-4-ID-1536x1024.jpg 1536w, https:\/\/grafiksestudio.com\/wp-content\/uploads\/2024\/11\/Foto-4-ID-2048x1365.jpg 2048w\" sizes=\"(max-width: 768px) 100vw, 768px\" \/>\t\t\t\t\t\t\t\t\t\t\t\t\t\t\t<\/div>\n\t\t\t\t<\/div>\n\t\t\t\t<div class=\"elementor-element elementor-element-b283066 elementor-widget elementor-widget-heading\" data-id=\"b283066\" data-element_type=\"widget\" data-e-type=\"widget\" data-widget_type=\"heading.default\">\n\t\t\t\t<div class=\"elementor-widget-container\">\n\t\t\t\t\t<h4 class=\"elementor-heading-title elementor-size-default\">2. El teu disseny actual ja no reflecteix els valors del teu negoci<\/h4>\t\t\t\t<\/div>\n\t\t\t\t<\/div>\n\t\t\t\t<div class=\"elementor-element elementor-element-06828dc elementor-widget elementor-widget-text-editor\" data-id=\"06828dc\" data-element_type=\"widget\" data-e-type=\"widget\" data-widget_type=\"text-editor.default\">\n\t\t\t\t<div class=\"elementor-widget-container\">\n\t\t\t\t\t\t\t\t\t<p>Les marques evolucionen amb el temps, i la seva imatge ha de fer-lo tamb\u00e9. Si has canviat els teus objectius, valors o mercats, \u00e9s fonamental que la teva identitat de marca <strong>reflecteixi aquestes transformacions.<\/strong> En cas contrari, els consumidors podrien percebre la teva empresa de manera err\u00f2nia o desactualitzada.  <\/p>\n\t\t\t\t\t\t\t\t<\/div>\n\t\t\t\t<\/div>\n\t\t\t\t<div class=\"elementor-element elementor-element-13fc5c8 elementor-widget elementor-widget-heading\" data-id=\"13fc5c8\" data-element_type=\"widget\" data-e-type=\"widget\" data-widget_type=\"heading.default\">\n\t\t\t\t<div class=\"elementor-widget-container\">\n\t\t\t\t\t<h4 class=\"elementor-heading-title elementor-size-default\">3. Les teves estrat\u00e8gies no generen resultats<\/h4>\t\t\t\t<\/div>\n\t\t\t\t<\/div>\n\t\t\t\t<div class=\"elementor-element elementor-element-c54bf0f elementor-widget elementor-widget-text-editor\" data-id=\"c54bf0f\" data-element_type=\"widget\" data-e-type=\"widget\" data-widget_type=\"text-editor.default\">\n\t\t\t\t<div class=\"elementor-widget-container\">\n\t\t\t\t\t\t\t\t\t<p>Al final de cada any, \u00e9s important analitzar els resultats de les teves estrat\u00e8gies i campanyes. Si aquestes <strong>no estan complint amb les expectatives<\/strong> , podria ser el moment de replantejar la teva identitat de marca. <\/p>\n<p>Per a fer-ho de manera efectiva, es recomana <strong>realitzar estudis de mercat, enquestes o an\u00e0lisis<\/strong> per a comprendre millor les prefer\u00e8ncies visuals i emocionals del teu p\u00fablic objectiu.<\/p>\n\t\t\t\t\t\t\t\t<\/div>\n\t\t\t\t<\/div>\n\t\t\t\t<div class=\"elementor-element elementor-element-bef31cc elementor-widget elementor-widget-heading\" data-id=\"bef31cc\" data-element_type=\"widget\" data-e-type=\"widget\" data-widget_type=\"heading.default\">\n\t\t\t\t<div class=\"elementor-widget-container\">\n\t\t\t\t\t<h4 class=\"elementor-heading-title elementor-size-default\">4. No et diferencies de la compet\u00e8ncia<\/h4>\t\t\t\t<\/div>\n\t\t\t\t<\/div>\n\t\t\t\t<div class=\"elementor-element elementor-element-edfcbb0 elementor-widget elementor-widget-text-editor\" data-id=\"edfcbb0\" data-element_type=\"widget\" data-e-type=\"widget\" data-widget_type=\"text-editor.default\">\n\t\t\t\t<div class=\"elementor-widget-container\">\n\t\t\t\t\t\t\t\t\t<p>Si la teva marca passa desapercebuda i no aconsegueix <strong>destacar enfront dels teus competidors<\/strong>, \u00e9s moment d&#8217;actuar. Encara que \u00e9s important seguir les tend\u00e8ncies actuals, la teva identitat de marca ha de reflectir de manera \u00fanica els valors de la teva empresa. Nom\u00e9s aix\u00ed podr\u00e0s diferenciar-te i ser memorable, oferint una cosa distinta i valu\u00f3s al teu p\u00fablic.  <\/p>\n\t\t\t\t\t\t\t\t<\/div>\n\t\t\t\t<\/div>\n\t\t\t\t<div class=\"elementor-element elementor-element-669ff84 elementor-widget elementor-widget-image\" data-id=\"669ff84\" data-element_type=\"widget\" data-e-type=\"widget\" data-widget_type=\"image.default\">\n\t\t\t\t<div class=\"elementor-widget-container\">\n\t\t\t\t\t\t\t\t\t\t\t\t\t\t\t<img decoding=\"async\" width=\"768\" height=\"513\" src=\"https:\/\/grafiksestudio.com\/wp-content\/uploads\/2024\/11\/Foto-3-ID-1-768x513.jpg\" class=\"attachment-medium_large size-medium_large wp-image-6091\" alt=\"\" srcset=\"https:\/\/grafiksestudio.com\/wp-content\/uploads\/2024\/11\/Foto-3-ID-1-768x513.jpg 768w, https:\/\/grafiksestudio.com\/wp-content\/uploads\/2024\/11\/Foto-3-ID-1-300x200.jpg 300w, https:\/\/grafiksestudio.com\/wp-content\/uploads\/2024\/11\/Foto-3-ID-1-1024x683.jpg 1024w, https:\/\/grafiksestudio.com\/wp-content\/uploads\/2024\/11\/Foto-3-ID-1-1536x1025.jpg 1536w, https:\/\/grafiksestudio.com\/wp-content\/uploads\/2024\/11\/Foto-3-ID-1-2048x1367.jpg 2048w\" sizes=\"(max-width: 768px) 100vw, 768px\" \/>\t\t\t\t\t\t\t\t\t\t\t\t\t\t\t<\/div>\n\t\t\t\t<\/div>\n\t\t\t\t<div class=\"elementor-element elementor-element-a509c74 elementor-widget elementor-widget-text-editor\" data-id=\"a509c74\" data-element_type=\"widget\" data-e-type=\"widget\" data-widget_type=\"text-editor.default\">\n\t\t\t\t<div class=\"elementor-widget-container\">\n\t\t\t\t\t\t\t\t\t<p>Una renovaci\u00f3 d&#8217;identitat de marca pot transformar la percepci\u00f3 del teu negoci, ajudant-te a connectar millor amb els teus clients, adaptar-te a nous mercats i posicionar-te com un referent en el teu sector.<\/p>\n<p>En Grafiks, t&#8217;ajudem a plasmar els valors de la teva empresa de manera adequada, des de la retolaci\u00f3 fins als elements decoratius del teu establiment. Impacta al teu p\u00fablic objectiu amb una imatge coherent, atractiva i alineada amb la teva visi\u00f3 empresarial. <\/p>\n\t\t\t\t\t\t\t\t<\/div>\n\t\t\t\t<\/div>\n\t\t\t\t<div class=\"elementor-element elementor-element-76c179a elementor-widget elementor-widget-text-editor\" data-id=\"76c179a\" data-element_type=\"widget\" data-e-type=\"widget\" data-widget_type=\"text-editor.default\">\n\t\t\t\t<div class=\"elementor-widget-container\">\n\t\t\t\t\t\t\t\t\t<p><span style=\"font-weight: 400;\">Si vols m\u00e9s informaci\u00f3 sobre els nostres serveis, consulta la nostra p\u00e0gina web<\/span>: <span style=\"font-weight: 400;\"><a href=\"http:\/\/www.grafiksestudio.com\">www.grafiksestudio.com<\/a><\/span><\/p>\n\t\t\t\t\t\t\t\t<\/div>\n\t\t\t\t<\/div>\n\t\t\t\t<\/div>\n\t\t\t\t<\/div>\n\t\t<div class=\"elementor-element elementor-element-76bc582 e-flex e-con-boxed qodef-elementor-content-no e-con e-parent\" data-id=\"76bc582\" data-element_type=\"container\" data-e-type=\"container\">\n\t\t\t\t\t<div class=\"e-con-inner\">\n\t\t\t\t\t<\/div>\n\t\t\t\t<\/div>\n\t\t\t\t<\/div>\n\t\t","protected":false},"excerpt":{"rendered":"<p>ANY NOU, NOVA IMATGE. CREA LA TEVA IDENTITAT DE MARCA ANY NOU, NOVA IMATGE. CREA LA TEVA IDENTITAT DE MARCA L&#8217;inici d&#8217;un nou any \u00e9s el moment perfecte per a reinventar-se, tant a nivell personal com professional. Nous projectes, objectius i prop\u00f2sits marquen el comen\u00e7ament d&#8217;una etapa plena d&#8217;oportunitats. Per aix\u00f2, tamb\u00e9 \u00e9s una excel\u00b7lent [&hellip;]<\/p>\n","protected":false},"author":2,"featured_media":6061,"comment_status":"closed","ping_status":"closed","sticky":false,"template":"","format":"standard","meta":{"_joinchat":[],"footnotes":""},"categories":[1],"tags":[],"class_list":["post-6099","post","type-post","status-publish","format-standard","has-post-thumbnail","hentry","category-sin-categorizar"],"yoast_head":"<!-- This site is optimized with the Yoast SEO plugin v27.3 - https:\/\/yoast.com\/product\/yoast-seo-wordpress\/ -->\n<title>Any Nou, nova imatge. Crea la teva identitat de marca<\/title>\n<meta name=\"description\" content=\"L&#039;any nou \u00e9s una excel\u00b7lent ocasi\u00f3 per a reorientar la teva empresa cap a les teves metes, renovar la seva identitat per a mantenir-la rellevant\" \/>\n<meta name=\"robots\" content=\"index, follow, max-snippet:-1, max-image-preview:large, max-video-preview:-1\" \/>\n<link rel=\"canonical\" href=\"https:\/\/grafiksestudio.com\/ca\/any-nou-nova-imatge-crea-la-teva-identitat-de-marca\/\" \/>\n<meta property=\"og:locale\" content=\"ca_ES\" \/>\n<meta property=\"og:type\" content=\"article\" \/>\n<meta property=\"og:title\" content=\"Any Nou, nova imatge. Crea la teva identitat de marca\" \/>\n<meta property=\"og:description\" content=\"L&#039;any nou \u00e9s una excel\u00b7lent ocasi\u00f3 per a reorientar la teva empresa cap a les teves metes, renovar la seva identitat per a mantenir-la rellevant\" \/>\n<meta property=\"og:url\" content=\"https:\/\/grafiksestudio.com\/ca\/any-nou-nova-imatge-crea-la-teva-identitat-de-marca\/\" \/>\n<meta property=\"og:site_name\" content=\"Grafiks\" \/>\n<meta property=\"article:publisher\" content=\"https:\/\/www.facebook.com\/GFKGrafiksestudio\" \/>\n<meta property=\"article:published_time\" content=\"2024-12-27T10:00:00+00:00\" \/>\n<meta property=\"article:modified_time\" content=\"2025-01-16T13:41:18+00:00\" \/>\n<meta property=\"og:image\" content=\"https:\/\/grafiksestudio.com\/wp-content\/uploads\/2024\/11\/shutterstock_320074772-1-scaled.jpg\" \/>\n\t<meta property=\"og:image:width\" content=\"2560\" \/>\n\t<meta property=\"og:image:height\" content=\"1707\" \/>\n\t<meta property=\"og:image:type\" content=\"image\/jpeg\" \/>\n<meta name=\"author\" content=\"Marta\" \/>\n<meta name=\"twitter:card\" content=\"summary_large_image\" \/>\n<meta name=\"twitter:label1\" content=\"Escrit per\" \/>\n\t<meta name=\"twitter:data1\" content=\"Marta\" \/>\n\t<meta name=\"twitter:label2\" content=\"Temps estimat de lectura\" \/>\n\t<meta name=\"twitter:data2\" content=\"5 minuts\" \/>\n<script type=\"application\/ld+json\" class=\"yoast-schema-graph\">{\"@context\":\"https:\\\/\\\/schema.org\",\"@graph\":[{\"@type\":\"Article\",\"@id\":\"https:\\\/\\\/grafiksestudio.com\\\/ca\\\/any-nou-nova-imatge-crea-la-teva-identitat-de-marca\\\/#article\",\"isPartOf\":{\"@id\":\"https:\\\/\\\/grafiksestudio.com\\\/ca\\\/any-nou-nova-imatge-crea-la-teva-identitat-de-marca\\\/\"},\"author\":{\"name\":\"Marta\",\"@id\":\"https:\\\/\\\/grafiksestudio.com\\\/ca\\\/#\\\/schema\\\/person\\\/edeac8f5edc877216074e8eff95111f9\"},\"headline\":\"ANY NOU, NOVA IMATGE. CREA LA TEVA IDENTITAT DE MARCA\",\"datePublished\":\"2024-12-27T10:00:00+00:00\",\"dateModified\":\"2025-01-16T13:41:18+00:00\",\"mainEntityOfPage\":{\"@id\":\"https:\\\/\\\/grafiksestudio.com\\\/ca\\\/any-nou-nova-imatge-crea-la-teva-identitat-de-marca\\\/\"},\"wordCount\":959,\"publisher\":{\"@id\":\"https:\\\/\\\/grafiksestudio.com\\\/ca\\\/#organization\"},\"image\":{\"@id\":\"https:\\\/\\\/grafiksestudio.com\\\/ca\\\/any-nou-nova-imatge-crea-la-teva-identitat-de-marca\\\/#primaryimage\"},\"thumbnailUrl\":\"https:\\\/\\\/grafiksestudio.com\\\/wp-content\\\/uploads\\\/2024\\\/11\\\/shutterstock_320074772-1-scaled.jpg\",\"articleSection\":[\"Sin categorizar\"],\"inLanguage\":\"ca\"},{\"@type\":\"WebPage\",\"@id\":\"https:\\\/\\\/grafiksestudio.com\\\/ca\\\/any-nou-nova-imatge-crea-la-teva-identitat-de-marca\\\/\",\"url\":\"https:\\\/\\\/grafiksestudio.com\\\/ca\\\/any-nou-nova-imatge-crea-la-teva-identitat-de-marca\\\/\",\"name\":\"Any Nou, nova imatge. Crea la teva identitat de marca\",\"isPartOf\":{\"@id\":\"https:\\\/\\\/grafiksestudio.com\\\/ca\\\/#website\"},\"primaryImageOfPage\":{\"@id\":\"https:\\\/\\\/grafiksestudio.com\\\/ca\\\/any-nou-nova-imatge-crea-la-teva-identitat-de-marca\\\/#primaryimage\"},\"image\":{\"@id\":\"https:\\\/\\\/grafiksestudio.com\\\/ca\\\/any-nou-nova-imatge-crea-la-teva-identitat-de-marca\\\/#primaryimage\"},\"thumbnailUrl\":\"https:\\\/\\\/grafiksestudio.com\\\/wp-content\\\/uploads\\\/2024\\\/11\\\/shutterstock_320074772-1-scaled.jpg\",\"datePublished\":\"2024-12-27T10:00:00+00:00\",\"dateModified\":\"2025-01-16T13:41:18+00:00\",\"description\":\"L'any nou \u00e9s una excel\u00b7lent ocasi\u00f3 per a reorientar la teva empresa cap a les teves metes, renovar la seva identitat per a mantenir-la rellevant\",\"breadcrumb\":{\"@id\":\"https:\\\/\\\/grafiksestudio.com\\\/ca\\\/any-nou-nova-imatge-crea-la-teva-identitat-de-marca\\\/#breadcrumb\"},\"inLanguage\":\"ca\",\"potentialAction\":[{\"@type\":\"ReadAction\",\"target\":[\"https:\\\/\\\/grafiksestudio.com\\\/ca\\\/any-nou-nova-imatge-crea-la-teva-identitat-de-marca\\\/\"]}]},{\"@type\":\"ImageObject\",\"inLanguage\":\"ca\",\"@id\":\"https:\\\/\\\/grafiksestudio.com\\\/ca\\\/any-nou-nova-imatge-crea-la-teva-identitat-de-marca\\\/#primaryimage\",\"url\":\"https:\\\/\\\/grafiksestudio.com\\\/wp-content\\\/uploads\\\/2024\\\/11\\\/shutterstock_320074772-1-scaled.jpg\",\"contentUrl\":\"https:\\\/\\\/grafiksestudio.com\\\/wp-content\\\/uploads\\\/2024\\\/11\\\/shutterstock_320074772-1-scaled.jpg\",\"width\":2560,\"height\":1707},{\"@type\":\"BreadcrumbList\",\"@id\":\"https:\\\/\\\/grafiksestudio.com\\\/ca\\\/any-nou-nova-imatge-crea-la-teva-identitat-de-marca\\\/#breadcrumb\",\"itemListElement\":[{\"@type\":\"ListItem\",\"position\":1,\"name\":\"Portada\",\"item\":\"https:\\\/\\\/grafiksestudio.com\\\/ca\\\/home\\\/\"},{\"@type\":\"ListItem\",\"position\":2,\"name\":\"ANY NOU, NOVA IMATGE. CREA LA TEVA IDENTITAT DE MARCA\"}]},{\"@type\":\"WebSite\",\"@id\":\"https:\\\/\\\/grafiksestudio.com\\\/ca\\\/#website\",\"url\":\"https:\\\/\\\/grafiksestudio.com\\\/ca\\\/\",\"name\":\"Grafiks\",\"description\":\"Servicios integrales de rotulaci\u00f3n\",\"publisher\":{\"@id\":\"https:\\\/\\\/grafiksestudio.com\\\/ca\\\/#organization\"},\"alternateName\":\"Grafiks\",\"potentialAction\":[{\"@type\":\"SearchAction\",\"target\":{\"@type\":\"EntryPoint\",\"urlTemplate\":\"https:\\\/\\\/grafiksestudio.com\\\/ca\\\/?s={search_term_string}\"},\"query-input\":{\"@type\":\"PropertyValueSpecification\",\"valueRequired\":true,\"valueName\":\"search_term_string\"}}],\"inLanguage\":\"ca\"},{\"@type\":\"Organization\",\"@id\":\"https:\\\/\\\/grafiksestudio.com\\\/ca\\\/#organization\",\"name\":\"Grafiks\",\"alternateName\":\"Grafiks\",\"url\":\"https:\\\/\\\/grafiksestudio.com\\\/ca\\\/\",\"logo\":{\"@type\":\"ImageObject\",\"inLanguage\":\"ca\",\"@id\":\"https:\\\/\\\/grafiksestudio.com\\\/ca\\\/#\\\/schema\\\/logo\\\/image\\\/\",\"url\":\"https:\\\/\\\/grafiksestudio.com\\\/wp-content\\\/uploads\\\/2024\\\/04\\\/BL_LOGO_GRAFIKS20_WEB-listo.png\",\"contentUrl\":\"https:\\\/\\\/grafiksestudio.com\\\/wp-content\\\/uploads\\\/2024\\\/04\\\/BL_LOGO_GRAFIKS20_WEB-listo.png\",\"width\":600,\"height\":93,\"caption\":\"Grafiks\"},\"image\":{\"@id\":\"https:\\\/\\\/grafiksestudio.com\\\/ca\\\/#\\\/schema\\\/logo\\\/image\\\/\"},\"sameAs\":[\"https:\\\/\\\/www.facebook.com\\\/GFKGrafiksestudio\",\"https:\\\/\\\/www.instagram.com\\\/grafiksestudio\\\/\",\"https:\\\/\\\/www.linkedin.com\\\/company\\\/grafiks-estudio\\\/\",\"https:\\\/\\\/www.tiktok.com\\\/@grafiksestudio\"]},{\"@type\":\"Person\",\"@id\":\"https:\\\/\\\/grafiksestudio.com\\\/ca\\\/#\\\/schema\\\/person\\\/edeac8f5edc877216074e8eff95111f9\",\"name\":\"Marta\",\"image\":{\"@type\":\"ImageObject\",\"inLanguage\":\"ca\",\"@id\":\"https:\\\/\\\/secure.gravatar.com\\\/avatar\\\/f86e2eff238b2167db3338fb78ecfb11ee296d5d2dbd19147c8fcef45bb14009?s=96&d=mm&r=g\",\"url\":\"https:\\\/\\\/secure.gravatar.com\\\/avatar\\\/f86e2eff238b2167db3338fb78ecfb11ee296d5d2dbd19147c8fcef45bb14009?s=96&d=mm&r=g\",\"contentUrl\":\"https:\\\/\\\/secure.gravatar.com\\\/avatar\\\/f86e2eff238b2167db3338fb78ecfb11ee296d5d2dbd19147c8fcef45bb14009?s=96&d=mm&r=g\",\"caption\":\"Marta\"},\"url\":\"https:\\\/\\\/grafiksestudio.com\\\/ca\\\/author\\\/marta\\\/\"}]}<\/script>\n<!-- \/ Yoast SEO plugin. -->","yoast_head_json":{"title":"Any Nou, nova imatge. Crea la teva identitat de marca","description":"L'any nou \u00e9s una excel\u00b7lent ocasi\u00f3 per a reorientar la teva empresa cap a les teves metes, renovar la seva identitat per a mantenir-la rellevant","robots":{"index":"index","follow":"follow","max-snippet":"max-snippet:-1","max-image-preview":"max-image-preview:large","max-video-preview":"max-video-preview:-1"},"canonical":"https:\/\/grafiksestudio.com\/ca\/any-nou-nova-imatge-crea-la-teva-identitat-de-marca\/","og_locale":"ca_ES","og_type":"article","og_title":"Any Nou, nova imatge. Crea la teva identitat de marca","og_description":"L'any nou \u00e9s una excel\u00b7lent ocasi\u00f3 per a reorientar la teva empresa cap a les teves metes, renovar la seva identitat per a mantenir-la rellevant","og_url":"https:\/\/grafiksestudio.com\/ca\/any-nou-nova-imatge-crea-la-teva-identitat-de-marca\/","og_site_name":"Grafiks","article_publisher":"https:\/\/www.facebook.com\/GFKGrafiksestudio","article_published_time":"2024-12-27T10:00:00+00:00","article_modified_time":"2025-01-16T13:41:18+00:00","og_image":[{"width":2560,"height":1707,"url":"https:\/\/grafiksestudio.com\/wp-content\/uploads\/2024\/11\/shutterstock_320074772-1-scaled.jpg","type":"image\/jpeg"}],"author":"Marta","twitter_card":"summary_large_image","twitter_misc":{"Escrit per":"Marta","Temps estimat de lectura":"5 minuts"},"schema":{"@context":"https:\/\/schema.org","@graph":[{"@type":"Article","@id":"https:\/\/grafiksestudio.com\/ca\/any-nou-nova-imatge-crea-la-teva-identitat-de-marca\/#article","isPartOf":{"@id":"https:\/\/grafiksestudio.com\/ca\/any-nou-nova-imatge-crea-la-teva-identitat-de-marca\/"},"author":{"name":"Marta","@id":"https:\/\/grafiksestudio.com\/ca\/#\/schema\/person\/edeac8f5edc877216074e8eff95111f9"},"headline":"ANY NOU, NOVA IMATGE. CREA LA TEVA IDENTITAT DE MARCA","datePublished":"2024-12-27T10:00:00+00:00","dateModified":"2025-01-16T13:41:18+00:00","mainEntityOfPage":{"@id":"https:\/\/grafiksestudio.com\/ca\/any-nou-nova-imatge-crea-la-teva-identitat-de-marca\/"},"wordCount":959,"publisher":{"@id":"https:\/\/grafiksestudio.com\/ca\/#organization"},"image":{"@id":"https:\/\/grafiksestudio.com\/ca\/any-nou-nova-imatge-crea-la-teva-identitat-de-marca\/#primaryimage"},"thumbnailUrl":"https:\/\/grafiksestudio.com\/wp-content\/uploads\/2024\/11\/shutterstock_320074772-1-scaled.jpg","articleSection":["Sin categorizar"],"inLanguage":"ca"},{"@type":"WebPage","@id":"https:\/\/grafiksestudio.com\/ca\/any-nou-nova-imatge-crea-la-teva-identitat-de-marca\/","url":"https:\/\/grafiksestudio.com\/ca\/any-nou-nova-imatge-crea-la-teva-identitat-de-marca\/","name":"Any Nou, nova imatge. Crea la teva identitat de marca","isPartOf":{"@id":"https:\/\/grafiksestudio.com\/ca\/#website"},"primaryImageOfPage":{"@id":"https:\/\/grafiksestudio.com\/ca\/any-nou-nova-imatge-crea-la-teva-identitat-de-marca\/#primaryimage"},"image":{"@id":"https:\/\/grafiksestudio.com\/ca\/any-nou-nova-imatge-crea-la-teva-identitat-de-marca\/#primaryimage"},"thumbnailUrl":"https:\/\/grafiksestudio.com\/wp-content\/uploads\/2024\/11\/shutterstock_320074772-1-scaled.jpg","datePublished":"2024-12-27T10:00:00+00:00","dateModified":"2025-01-16T13:41:18+00:00","description":"L'any nou \u00e9s una excel\u00b7lent ocasi\u00f3 per a reorientar la teva empresa cap a les teves metes, renovar la seva identitat per a mantenir-la rellevant","breadcrumb":{"@id":"https:\/\/grafiksestudio.com\/ca\/any-nou-nova-imatge-crea-la-teva-identitat-de-marca\/#breadcrumb"},"inLanguage":"ca","potentialAction":[{"@type":"ReadAction","target":["https:\/\/grafiksestudio.com\/ca\/any-nou-nova-imatge-crea-la-teva-identitat-de-marca\/"]}]},{"@type":"ImageObject","inLanguage":"ca","@id":"https:\/\/grafiksestudio.com\/ca\/any-nou-nova-imatge-crea-la-teva-identitat-de-marca\/#primaryimage","url":"https:\/\/grafiksestudio.com\/wp-content\/uploads\/2024\/11\/shutterstock_320074772-1-scaled.jpg","contentUrl":"https:\/\/grafiksestudio.com\/wp-content\/uploads\/2024\/11\/shutterstock_320074772-1-scaled.jpg","width":2560,"height":1707},{"@type":"BreadcrumbList","@id":"https:\/\/grafiksestudio.com\/ca\/any-nou-nova-imatge-crea-la-teva-identitat-de-marca\/#breadcrumb","itemListElement":[{"@type":"ListItem","position":1,"name":"Portada","item":"https:\/\/grafiksestudio.com\/ca\/home\/"},{"@type":"ListItem","position":2,"name":"ANY NOU, NOVA IMATGE. CREA LA TEVA IDENTITAT DE MARCA"}]},{"@type":"WebSite","@id":"https:\/\/grafiksestudio.com\/ca\/#website","url":"https:\/\/grafiksestudio.com\/ca\/","name":"Grafiks","description":"Servicios integrales de rotulaci\u00f3n","publisher":{"@id":"https:\/\/grafiksestudio.com\/ca\/#organization"},"alternateName":"Grafiks","potentialAction":[{"@type":"SearchAction","target":{"@type":"EntryPoint","urlTemplate":"https:\/\/grafiksestudio.com\/ca\/?s={search_term_string}"},"query-input":{"@type":"PropertyValueSpecification","valueRequired":true,"valueName":"search_term_string"}}],"inLanguage":"ca"},{"@type":"Organization","@id":"https:\/\/grafiksestudio.com\/ca\/#organization","name":"Grafiks","alternateName":"Grafiks","url":"https:\/\/grafiksestudio.com\/ca\/","logo":{"@type":"ImageObject","inLanguage":"ca","@id":"https:\/\/grafiksestudio.com\/ca\/#\/schema\/logo\/image\/","url":"https:\/\/grafiksestudio.com\/wp-content\/uploads\/2024\/04\/BL_LOGO_GRAFIKS20_WEB-listo.png","contentUrl":"https:\/\/grafiksestudio.com\/wp-content\/uploads\/2024\/04\/BL_LOGO_GRAFIKS20_WEB-listo.png","width":600,"height":93,"caption":"Grafiks"},"image":{"@id":"https:\/\/grafiksestudio.com\/ca\/#\/schema\/logo\/image\/"},"sameAs":["https:\/\/www.facebook.com\/GFKGrafiksestudio","https:\/\/www.instagram.com\/grafiksestudio\/","https:\/\/www.linkedin.com\/company\/grafiks-estudio\/","https:\/\/www.tiktok.com\/@grafiksestudio"]},{"@type":"Person","@id":"https:\/\/grafiksestudio.com\/ca\/#\/schema\/person\/edeac8f5edc877216074e8eff95111f9","name":"Marta","image":{"@type":"ImageObject","inLanguage":"ca","@id":"https:\/\/secure.gravatar.com\/avatar\/f86e2eff238b2167db3338fb78ecfb11ee296d5d2dbd19147c8fcef45bb14009?s=96&d=mm&r=g","url":"https:\/\/secure.gravatar.com\/avatar\/f86e2eff238b2167db3338fb78ecfb11ee296d5d2dbd19147c8fcef45bb14009?s=96&d=mm&r=g","contentUrl":"https:\/\/secure.gravatar.com\/avatar\/f86e2eff238b2167db3338fb78ecfb11ee296d5d2dbd19147c8fcef45bb14009?s=96&d=mm&r=g","caption":"Marta"},"url":"https:\/\/grafiksestudio.com\/ca\/author\/marta\/"}]}},"_links":{"self":[{"href":"https:\/\/grafiksestudio.com\/ca\/wp-json\/wp\/v2\/posts\/6099","targetHints":{"allow":["GET"]}}],"collection":[{"href":"https:\/\/grafiksestudio.com\/ca\/wp-json\/wp\/v2\/posts"}],"about":[{"href":"https:\/\/grafiksestudio.com\/ca\/wp-json\/wp\/v2\/types\/post"}],"author":[{"embeddable":true,"href":"https:\/\/grafiksestudio.com\/ca\/wp-json\/wp\/v2\/users\/2"}],"replies":[{"embeddable":true,"href":"https:\/\/grafiksestudio.com\/ca\/wp-json\/wp\/v2\/comments?post=6099"}],"version-history":[{"count":0,"href":"https:\/\/grafiksestudio.com\/ca\/wp-json\/wp\/v2\/posts\/6099\/revisions"}],"wp:featuredmedia":[{"embeddable":true,"href":"https:\/\/grafiksestudio.com\/ca\/wp-json\/wp\/v2\/media\/6061"}],"wp:attachment":[{"href":"https:\/\/grafiksestudio.com\/ca\/wp-json\/wp\/v2\/media?parent=6099"}],"wp:term":[{"taxonomy":"category","embeddable":true,"href":"https:\/\/grafiksestudio.com\/ca\/wp-json\/wp\/v2\/categories?post=6099"},{"taxonomy":"post_tag","embeddable":true,"href":"https:\/\/grafiksestudio.com\/ca\/wp-json\/wp\/v2\/tags?post=6099"}],"curies":[{"name":"wp","href":"https:\/\/api.w.org\/{rel}","templated":true}]}}