{"id":6203,"date":"2025-01-23T10:00:00","date_gmt":"2025-01-23T10:00:00","guid":{"rendered":"https:\/\/grafiksestudio.com\/5-raons-per-escollir-una-retolacio-personalitzada\/"},"modified":"2025-01-23T15:36:28","modified_gmt":"2025-01-23T15:36:28","slug":"5-raons-per-escollir-una-retolacio-personalitzada","status":"publish","type":"post","link":"https:\/\/grafiksestudio.com\/ca\/5-raons-per-escollir-una-retolacio-personalitzada\/","title":{"rendered":"5 RAONS PER ESCOLLIR UNA RETOLACI\u00d3 PERSONALITZADA"},"content":{"rendered":"\t\t<div data-elementor-type=\"wp-post\" data-elementor-id=\"6203\" class=\"elementor elementor-6203 elementor-6109\" data-elementor-post-type=\"post\">\n\t\t\t\t<div class=\"elementor-element elementor-element-ee74e56 e-flex e-con-boxed qodef-elementor-content-no e-con e-parent\" data-id=\"ee74e56\" data-element_type=\"container\" data-e-type=\"container\" data-settings=\"{&quot;background_background&quot;:&quot;classic&quot;}\">\n\t\t\t\t\t<div class=\"e-con-inner\">\n\t\t\t\t<div class=\"elementor-element elementor-element-bf2a41b elementor-widget elementor-widget-spacer\" data-id=\"bf2a41b\" data-element_type=\"widget\" data-e-type=\"widget\" data-widget_type=\"spacer.default\">\n\t\t\t\t<div class=\"elementor-widget-container\">\n\t\t\t\t\t\t\t<div class=\"elementor-spacer\">\n\t\t\t<div class=\"elementor-spacer-inner\"><\/div>\n\t\t<\/div>\n\t\t\t\t\t\t<\/div>\n\t\t\t\t<\/div>\n\t\t\t\t<div class=\"elementor-element elementor-element-b2d85e3 elementor-widget elementor-widget-heading\" data-id=\"b2d85e3\" data-element_type=\"widget\" data-e-type=\"widget\" data-widget_type=\"heading.default\">\n\t\t\t\t<div class=\"elementor-widget-container\">\n\t\t\t\t\t<h1 class=\"elementor-heading-title elementor-size-default\"><p dir=\"ltr\" style=\"line-height: 1.2;margin-top: 0pt;margin-bottom: 0pt\">5 RAONS PER ESCOLLIR UNA RETOLACI\u00d3 PERSONALITZADA<\/p><\/h1>\t\t\t\t<\/div>\n\t\t\t\t<\/div>\n\t\t\t\t<div class=\"elementor-element elementor-element-b02cc68 elementor-widget elementor-widget-spacer\" data-id=\"b02cc68\" data-element_type=\"widget\" data-e-type=\"widget\" data-widget_type=\"spacer.default\">\n\t\t\t\t<div class=\"elementor-widget-container\">\n\t\t\t\t\t\t\t<div class=\"elementor-spacer\">\n\t\t\t<div class=\"elementor-spacer-inner\"><\/div>\n\t\t<\/div>\n\t\t\t\t\t\t<\/div>\n\t\t\t\t<\/div>\n\t\t\t\t\t<\/div>\n\t\t\t\t<\/div>\n\t\t<div class=\"elementor-element elementor-element-b740e2b e-con-full e-flex qodef-elementor-content-no e-con e-parent\" data-id=\"b740e2b\" data-element_type=\"container\" data-e-type=\"container\">\n\t\t<div class=\"elementor-element elementor-element-7d9586d e-con-full e-flex qodef-elementor-content-no e-con e-child\" data-id=\"7d9586d\" data-element_type=\"container\" data-e-type=\"container\">\n\t\t\t\t<div class=\"elementor-element elementor-element-d28998b elementor-widget elementor-widget-spacer\" data-id=\"d28998b\" data-element_type=\"widget\" data-e-type=\"widget\" data-widget_type=\"spacer.default\">\n\t\t\t\t<div class=\"elementor-widget-container\">\n\t\t\t\t\t\t\t<div class=\"elementor-spacer\">\n\t\t\t<div class=\"elementor-spacer-inner\"><\/div>\n\t\t<\/div>\n\t\t\t\t\t\t<\/div>\n\t\t\t\t<\/div>\n\t\t\t\t<div class=\"elementor-element elementor-element-fb44275 elementor-widget elementor-widget-heading\" data-id=\"fb44275\" data-element_type=\"widget\" data-e-type=\"widget\" data-widget_type=\"heading.default\">\n\t\t\t\t<div class=\"elementor-widget-container\">\n\t\t\t\t\t<h2 class=\"elementor-heading-title elementor-size-default\">5 RAONS PER LES QUALS LA RETOLACI\u00d3 PERSONALITZADA \u00c9S CLAU PER A LA TEVA MARCA<\/h2>\t\t\t\t<\/div>\n\t\t\t\t<\/div>\n\t\t\t\t<\/div>\n\t\t<div class=\"elementor-element elementor-element-bef11ee e-con-full e-flex qodef-elementor-content-no e-con e-child\" data-id=\"bef11ee\" data-element_type=\"container\" data-e-type=\"container\">\n\t\t\t\t<div class=\"elementor-element elementor-element-3665694 elementor-widget elementor-widget-spacer\" data-id=\"3665694\" data-element_type=\"widget\" data-e-type=\"widget\" data-widget_type=\"spacer.default\">\n\t\t\t\t<div class=\"elementor-widget-container\">\n\t\t\t\t\t\t\t<div class=\"elementor-spacer\">\n\t\t\t<div class=\"elementor-spacer-inner\"><\/div>\n\t\t<\/div>\n\t\t\t\t\t\t<\/div>\n\t\t\t\t<\/div>\n\t\t\t\t<div class=\"elementor-element elementor-element-ceb210b elementor-widget elementor-widget-text-editor\" data-id=\"ceb210b\" data-element_type=\"widget\" data-e-type=\"widget\" data-widget_type=\"text-editor.default\">\n\t\t\t\t<div class=\"elementor-widget-container\">\n\t\t\t\t\t\t\t\t\t<p>Entre les diverses opcions disponibles per publicitar la teva marca, la retolaci\u00f3 personalitzada destaca com una de les m\u00e9s efectives. No nom\u00e9s us permet generar un impacte visual immediat, sin\u00f3 que tamb\u00e9 crea una connexi\u00f3 \u00fanica amb el vostre p\u00fablic objectiu. <\/p>\n<p>En aquest article, us presentem <strong>5 raons per les quals la retolaci\u00f3 personalitzada \u00e9s clau per a la vostra marca<\/strong> i com aquesta eina pot ajudar-vos a millorar la visibilitat, enfortir la identitat corporativa i augmentar el reconeixement de la vostra empresa.<\/p>\n\t\t\t\t\t\t\t\t<\/div>\n\t\t\t\t<\/div>\n\t\t\t\t<div class=\"elementor-element elementor-element-5ba7f53 elementor-widget elementor-widget-spacer\" data-id=\"5ba7f53\" data-element_type=\"widget\" data-e-type=\"widget\" data-widget_type=\"spacer.default\">\n\t\t\t\t<div class=\"elementor-widget-container\">\n\t\t\t\t\t\t\t<div class=\"elementor-spacer\">\n\t\t\t<div class=\"elementor-spacer-inner\"><\/div>\n\t\t<\/div>\n\t\t\t\t\t\t<\/div>\n\t\t\t\t<\/div>\n\t\t\t\t<div class=\"elementor-element elementor-element-b76fe18 elementor-widget elementor-widget-heading\" data-id=\"b76fe18\" data-element_type=\"widget\" data-e-type=\"widget\" data-widget_type=\"heading.default\">\n\t\t\t\t<div class=\"elementor-widget-container\">\n\t\t\t\t\t<h2 class=\"elementor-heading-title elementor-size-default\">1. \u00c9s una opci\u00f3 molt duradora i econ\u00f2mica<\/h2>\t\t\t\t<\/div>\n\t\t\t\t<\/div>\n\t\t\t\t<div class=\"elementor-element elementor-element-8243594 elementor-widget elementor-widget-text-editor\" data-id=\"8243594\" data-element_type=\"widget\" data-e-type=\"widget\" data-widget_type=\"text-editor.default\">\n\t\t\t\t<div class=\"elementor-widget-container\">\n\t\t\t\t\t\t\t\t\t<p>A difer\u00e8ncia d&#8217;altres mitjans publicitaris, com els espots televisius o els anuncis digitals, la retolaci\u00f3 personalitzada \u00e9s una de les opcions <strong>m\u00e9s econ\u00f2miques per publicitar la teva marca.<\/strong><\/p>\n<p>Dins les opcions de retolaci\u00f3, els vinils destaquen per la seva <strong>alta durabilitat i resist\u00e8ncia<\/strong>, gr\u00e0cies als materials d&#8217;alta qualitat amb qu\u00e8 estan fabricats. Aix\u00f2 assegura que el vostre missatge o anunci romangui intacte durant un llarg per\u00edode, sense necessitat de reempla\u00e7ar-lo ni realitzar reparacions de manera recurrent. <\/p>\n\t\t\t\t\t\t\t\t<\/div>\n\t\t\t\t<\/div>\n\t\t\t\t<div class=\"elementor-element elementor-element-0cef724 elementor-widget elementor-widget-image\" data-id=\"0cef724\" data-element_type=\"widget\" data-e-type=\"widget\" data-widget_type=\"image.default\">\n\t\t\t\t<div class=\"elementor-widget-container\">\n\t\t\t\t\t\t\t\t\t\t\t\t\t\t\t<img fetchpriority=\"high\" decoding=\"async\" width=\"800\" height=\"534\" src=\"https:\/\/grafiksestudio.com\/wp-content\/uploads\/2025\/01\/Foto-grafiks-9_01-1024x683.jpg\" class=\"attachment-large size-large wp-image-6122\" alt=\"\" srcset=\"https:\/\/grafiksestudio.com\/wp-content\/uploads\/2025\/01\/Foto-grafiks-9_01-1024x683.jpg 1024w, https:\/\/grafiksestudio.com\/wp-content\/uploads\/2025\/01\/Foto-grafiks-9_01-300x200.jpg 300w, https:\/\/grafiksestudio.com\/wp-content\/uploads\/2025\/01\/Foto-grafiks-9_01-768x512.jpg 768w, https:\/\/grafiksestudio.com\/wp-content\/uploads\/2025\/01\/Foto-grafiks-9_01-1536x1024.jpg 1536w, https:\/\/grafiksestudio.com\/wp-content\/uploads\/2025\/01\/Foto-grafiks-9_01-2048x1365.jpg 2048w\" sizes=\"(max-width: 800px) 100vw, 800px\" \/>\t\t\t\t\t\t\t\t\t\t\t\t\t\t\t<\/div>\n\t\t\t\t<\/div>\n\t\t\t\t<div class=\"elementor-element elementor-element-c3494cc elementor-widget elementor-widget-spacer\" data-id=\"c3494cc\" data-element_type=\"widget\" data-e-type=\"widget\" data-widget_type=\"spacer.default\">\n\t\t\t\t<div class=\"elementor-widget-container\">\n\t\t\t\t\t\t\t<div class=\"elementor-spacer\">\n\t\t\t<div class=\"elementor-spacer-inner\"><\/div>\n\t\t<\/div>\n\t\t\t\t\t\t<\/div>\n\t\t\t\t<\/div>\n\t\t\t\t<div class=\"elementor-element elementor-element-375caf8 elementor-widget elementor-widget-heading\" data-id=\"375caf8\" data-element_type=\"widget\" data-e-type=\"widget\" data-widget_type=\"heading.default\">\n\t\t\t\t<div class=\"elementor-widget-container\">\n\t\t\t\t\t<h2 class=\"elementor-heading-title elementor-size-default\">2. Augmenta la visibilitat de la teva marca<\/h2>\t\t\t\t<\/div>\n\t\t\t\t<\/div>\n\t\t\t\t<div class=\"elementor-element elementor-element-3d31e4f elementor-widget elementor-widget-text-editor\" data-id=\"3d31e4f\" data-element_type=\"widget\" data-e-type=\"widget\" data-widget_type=\"text-editor.default\">\n\t\t\t\t<div class=\"elementor-widget-container\">\n\t\t\t\t\t\t\t\t\t<p>La retolaci\u00f3 personalitzada \u00e9s una excel\u00b7lent opci\u00f3 publicit\u00e0ria que et permet col\u00b7locar el teu missatge a <strong>llocs estrat\u00e8gics,<\/strong> garantint que sigui vist per un gran nombre de persones.<\/p>\n<p>Pot aplicar-se en espais creatius i originals, com ara tanques publicit\u00e0ries, <strong>aparadors amb vinils o fins i tot vehicles<\/strong>, arribant de manera innovadora al teu p\u00fablic objectiu.<\/p>\n<p>A m\u00e9s, en estar en una ubicaci\u00f3 fixa, la retolaci\u00f3 <strong>ofereix una visibilitat constant i recurrent<\/strong>, assegurant que el teu missatge es vegi una vegada i una altra, mantenint-lo al radar del p\u00fablic de manera cont\u00ednua.<\/p>\n\t\t\t\t\t\t\t\t<\/div>\n\t\t\t\t<\/div>\n\t\t\t\t<div class=\"elementor-element elementor-element-b6421aa elementor-widget elementor-widget-image\" data-id=\"b6421aa\" data-element_type=\"widget\" data-e-type=\"widget\" data-widget_type=\"image.default\">\n\t\t\t\t<div class=\"elementor-widget-container\">\n\t\t\t\t\t\t\t\t\t\t\t\t\t\t\t<img decoding=\"async\" width=\"768\" height=\"512\" src=\"https:\/\/grafiksestudio.com\/wp-content\/uploads\/2025\/01\/Foto-blog-grafiks-9_01--768x512.jpg\" class=\"attachment-medium_large size-medium_large wp-image-6116\" alt=\"\" srcset=\"https:\/\/grafiksestudio.com\/wp-content\/uploads\/2025\/01\/Foto-blog-grafiks-9_01--768x512.jpg 768w, https:\/\/grafiksestudio.com\/wp-content\/uploads\/2025\/01\/Foto-blog-grafiks-9_01--300x200.jpg 300w, https:\/\/grafiksestudio.com\/wp-content\/uploads\/2025\/01\/Foto-blog-grafiks-9_01--1024x683.jpg 1024w, https:\/\/grafiksestudio.com\/wp-content\/uploads\/2025\/01\/Foto-blog-grafiks-9_01--1536x1024.jpg 1536w, https:\/\/grafiksestudio.com\/wp-content\/uploads\/2025\/01\/Foto-blog-grafiks-9_01--2048x1365.jpg 2048w\" sizes=\"(max-width: 768px) 100vw, 768px\" \/>\t\t\t\t\t\t\t\t\t\t\t\t\t\t\t<\/div>\n\t\t\t\t<\/div>\n\t\t\t\t<div class=\"elementor-element elementor-element-b283066 elementor-widget elementor-widget-heading\" data-id=\"b283066\" data-element_type=\"widget\" data-e-type=\"widget\" data-widget_type=\"heading.default\">\n\t\t\t\t<div class=\"elementor-widget-container\">\n\t\t\t\t\t<h4 class=\"elementor-heading-title elementor-size-default\">3. Refor\u00e7a la identitat de la teva marca<\/h4>\t\t\t\t<\/div>\n\t\t\t\t<\/div>\n\t\t\t\t<div class=\"elementor-element elementor-element-06828dc elementor-widget elementor-widget-text-editor\" data-id=\"06828dc\" data-element_type=\"widget\" data-e-type=\"widget\" data-widget_type=\"text-editor.default\">\n\t\t\t\t<div class=\"elementor-widget-container\">\n\t\t\t\t\t\t\t\t\t<p>A trav\u00e9s de colors cridaners, tipografies i elements gr\u00e0fics clau, com ara el logotip, la retolaci\u00f3 personalitzada <strong>reflecteix la personalitat de la teva marca de manera visual i atractiva.<\/strong><\/p>\n<p>Aix\u00f2 contribueix a crear una imatge coherent i memorable, cosa que fa que els clients associ\u00efn immediatament la retolaci\u00f3 amb la teva empresa.<\/p>\n\t\t\t\t\t\t\t\t<\/div>\n\t\t\t\t<\/div>\n\t\t\t\t<div class=\"elementor-element elementor-element-bef31cc elementor-widget elementor-widget-heading\" data-id=\"bef31cc\" data-element_type=\"widget\" data-e-type=\"widget\" data-widget_type=\"heading.default\">\n\t\t\t\t<div class=\"elementor-widget-container\">\n\t\t\t\t\t<h4 class=\"elementor-heading-title elementor-size-default\">4. No et diferencies de la compet\u00e8ncia<\/h4>\t\t\t\t<\/div>\n\t\t\t\t<\/div>\n\t\t\t\t<div class=\"elementor-element elementor-element-edfcbb0 elementor-widget elementor-widget-text-editor\" data-id=\"edfcbb0\" data-element_type=\"widget\" data-e-type=\"widget\" data-widget_type=\"text-editor.default\">\n\t\t\t\t<div class=\"elementor-widget-container\">\n\t\t\t\t\t\t\t\t\t<p>En mercats amb alta compet\u00e8ncia, la retolaci\u00f3 personalitzada es converteix en una <strong>eina clau per diferenciar-te d&#8217;altres marques<\/strong>. Un disseny \u00fanic i original, que transmeti els valors i la identitat visual de la teva empresa, facilita arribar al teu p\u00fablic objectiu i fa que el teu negoci destaqui entre moltes altres opcions. <\/p>\n\t\t\t\t\t\t\t\t<\/div>\n\t\t\t\t<\/div>\n\t\t\t\t<div class=\"elementor-element elementor-element-669ff84 elementor-widget elementor-widget-image\" data-id=\"669ff84\" data-element_type=\"widget\" data-e-type=\"widget\" data-widget_type=\"image.default\">\n\t\t\t\t<div class=\"elementor-widget-container\">\n\t\t\t\t\t\t\t\t\t\t\t\t\t\t\t<img decoding=\"async\" width=\"768\" height=\"512\" src=\"https:\/\/grafiksestudio.com\/wp-content\/uploads\/2025\/01\/Foto-blog-grafiks-9_01-768x512.jpg\" class=\"attachment-medium_large size-medium_large wp-image-6119\" alt=\"\" srcset=\"https:\/\/grafiksestudio.com\/wp-content\/uploads\/2025\/01\/Foto-blog-grafiks-9_01-768x512.jpg 768w, https:\/\/grafiksestudio.com\/wp-content\/uploads\/2025\/01\/Foto-blog-grafiks-9_01-300x200.jpg 300w, https:\/\/grafiksestudio.com\/wp-content\/uploads\/2025\/01\/Foto-blog-grafiks-9_01-1024x683.jpg 1024w, https:\/\/grafiksestudio.com\/wp-content\/uploads\/2025\/01\/Foto-blog-grafiks-9_01-1536x1024.jpg 1536w, https:\/\/grafiksestudio.com\/wp-content\/uploads\/2025\/01\/Foto-blog-grafiks-9_01-2048x1365.jpg 2048w\" sizes=\"(max-width: 768px) 100vw, 768px\" \/>\t\t\t\t\t\t\t\t\t\t\t\t\t\t\t<\/div>\n\t\t\t\t<\/div>\n\t\t\t\t<div class=\"elementor-element elementor-element-799117f elementor-widget elementor-widget-heading\" data-id=\"799117f\" data-element_type=\"widget\" data-e-type=\"widget\" data-widget_type=\"heading.default\">\n\t\t\t\t<div class=\"elementor-widget-container\">\n\t\t\t\t\t<h4 class=\"elementor-heading-title elementor-size-default\">5. Augmenta la fidelitzaci\u00f3 en esdeveniments i fires<\/h4>\t\t\t\t<\/div>\n\t\t\t\t<\/div>\n\t\t\t\t<div class=\"elementor-element elementor-element-a509c74 elementor-widget elementor-widget-text-editor\" data-id=\"a509c74\" data-element_type=\"widget\" data-e-type=\"widget\" data-widget_type=\"text-editor.default\">\n\t\t\t\t<div class=\"elementor-widget-container\">\n\t\t\t\t\t\t\t\t\t<p>Els esdeveniments i les fires s\u00f3n espais ideals per utilitzar la retolaci\u00f3 personalitzada com una eina per atraure l&#8217;atenci\u00f3 dels assistents i <strong>augmentar l&#8217;engagement<\/strong> amb la teva marca. Amb un disseny innovador i atractiu, pots incrementar la visibilitat del teu estand i despertar l&#8217;inter\u00e8s pels productes o serveis que ofereixes. <\/p>\n<p>A m\u00e9s, pots optar per un <strong>disseny interactiu<\/strong> que convidi les persones a involucrar-se m\u00e9s amb la teva marca. Per exemple, afegir un <strong>element &#8220;instagramejable&#8221;<\/strong> perqu\u00e8 el teu estand tingui m\u00e9s possibilitats de viralitzar-se en xarxes socials o <strong>incloure un codi QR que redirigeixi els usuaris a la teva p\u00e0gina web<\/strong>, facilitant aix\u00ed una conversi\u00f3 m\u00e9s directa. <\/p>\n\t\t\t\t\t\t\t\t<\/div>\n\t\t\t\t<\/div>\n\t\t\t\t<div class=\"elementor-element elementor-element-07aac58 elementor-widget elementor-widget-text-editor\" data-id=\"07aac58\" data-element_type=\"widget\" data-e-type=\"widget\" data-widget_type=\"text-editor.default\">\n\t\t\t\t<div class=\"elementor-widget-container\">\n\t\t\t\t\t\t\t\t\t<p>Com hem pogut veure en aquest article, la retolaci\u00f3 personalitzada \u00e9s una de les millors opcions per promocionar el teu negoci de manera econ\u00f2mica, original i efica\u00e7.<\/p>\n<p>A Grafiks, som experts en la creaci\u00f3 de retolaci\u00f3 i vinils personalitzats, dissenyats per augmentar la visibilitat de la teva marca i fer que destaqui davant de la compet\u00e8ncia.<\/p>\n\t\t\t\t\t\t\t\t<\/div>\n\t\t\t\t<\/div>\n\t\t\t\t<div class=\"elementor-element elementor-element-76c179a elementor-widget elementor-widget-text-editor\" data-id=\"76c179a\" data-element_type=\"widget\" data-e-type=\"widget\" data-widget_type=\"text-editor.default\">\n\t\t\t\t<div class=\"elementor-widget-container\">\n\t\t\t\t\t\t\t\t\t<p><span style=\"font-weight: 400;\">Si vols m\u00e9s informaci\u00f3 sobre els nostres serveis, consulta la nostra p\u00e0gina web o agenda una reuni\u00f3 amb nosaltres en<\/span>:<span style=\"font-weight: 400;\"><a href=\"http:\/\/www.grafiksestudio.com\"> www.grafiksestudio.com<\/a><\/span><\/p>\n\t\t\t\t\t\t\t\t<\/div>\n\t\t\t\t<\/div>\n\t\t\t\t<\/div>\n\t\t\t\t<\/div>\n\t\t<div class=\"elementor-element elementor-element-76bc582 e-flex e-con-boxed qodef-elementor-content-no e-con e-parent\" data-id=\"76bc582\" data-element_type=\"container\" data-e-type=\"container\">\n\t\t\t\t\t<div class=\"e-con-inner\">\n\t\t\t\t\t<\/div>\n\t\t\t\t<\/div>\n\t\t\t\t<\/div>\n\t\t","protected":false},"excerpt":{"rendered":"<p>5 RAONS PER ESCOLLIR UNA RETOLACI\u00d3 PERSONALITZADA 5 RAONS PER LES QUALS LA RETOLACI\u00d3 PERSONALITZADA \u00c9S CLAU PER A LA TEVA MARCA Entre les diverses opcions disponibles per publicitar la teva marca, la retolaci\u00f3 personalitzada destaca com una de les m\u00e9s efectives. No nom\u00e9s us permet generar un impacte visual immediat, sin\u00f3 que tamb\u00e9 crea [&hellip;]<\/p>\n","protected":false},"author":2,"featured_media":6112,"comment_status":"closed","ping_status":"closed","sticky":false,"template":"","format":"standard","meta":{"_joinchat":[],"footnotes":""},"categories":[1],"tags":[],"class_list":["post-6203","post","type-post","status-publish","format-standard","has-post-thumbnail","hentry","category-sin-categorizar"],"yoast_head":"<!-- This site is optimized with the Yoast SEO plugin v27.3 - https:\/\/yoast.com\/product\/yoast-seo-wordpress\/ -->\n<title>5 raons per triar una retolaci\u00f3 personalitzada<\/title>\n<meta name=\"description\" content=\"Et presentem 5 raons per les quals la retolaci\u00f3 personalitzada \u00e9s clau per a la teva marca i com ajudara a la teva visibilitat de marca\" \/>\n<meta name=\"robots\" content=\"index, follow, max-snippet:-1, max-image-preview:large, max-video-preview:-1\" \/>\n<link rel=\"canonical\" href=\"https:\/\/grafiksestudio.com\/ca\/5-raons-per-escollir-una-retolacio-personalitzada\/\" \/>\n<meta property=\"og:locale\" content=\"ca_ES\" \/>\n<meta property=\"og:type\" content=\"article\" \/>\n<meta property=\"og:title\" content=\"5 raons per triar una retolaci\u00f3 personalitzada\" \/>\n<meta property=\"og:description\" content=\"Et presentem 5 raons per les quals la retolaci\u00f3 personalitzada \u00e9s clau per a la teva marca i com ajudara a la teva visibilitat de marca\" \/>\n<meta property=\"og:url\" content=\"https:\/\/grafiksestudio.com\/ca\/5-raons-per-escollir-una-retolacio-personalitzada\/\" \/>\n<meta property=\"og:site_name\" content=\"Grafiks\" \/>\n<meta property=\"article:publisher\" content=\"https:\/\/www.facebook.com\/GFKGrafiksestudio\" \/>\n<meta property=\"article:published_time\" content=\"2025-01-23T10:00:00+00:00\" \/>\n<meta property=\"article:modified_time\" content=\"2025-01-23T15:36:28+00:00\" \/>\n<meta property=\"og:image\" content=\"https:\/\/grafiksestudio.com\/wp-content\/uploads\/2025\/01\/Portada-Grafiks--scaled.jpg\" \/>\n\t<meta property=\"og:image:width\" content=\"2560\" \/>\n\t<meta property=\"og:image:height\" content=\"1707\" \/>\n\t<meta property=\"og:image:type\" content=\"image\/jpeg\" \/>\n<meta name=\"author\" content=\"Marta\" \/>\n<meta name=\"twitter:card\" content=\"summary_large_image\" \/>\n<meta name=\"twitter:label1\" content=\"Escrit per\" \/>\n\t<meta name=\"twitter:data1\" content=\"Marta\" \/>\n\t<meta name=\"twitter:label2\" content=\"Temps estimat de lectura\" \/>\n\t<meta name=\"twitter:data2\" content=\"3 minuts\" \/>\n<script type=\"application\/ld+json\" class=\"yoast-schema-graph\">{\"@context\":\"https:\\\/\\\/schema.org\",\"@graph\":[{\"@type\":\"Article\",\"@id\":\"https:\\\/\\\/grafiksestudio.com\\\/ca\\\/5-raons-per-escollir-una-retolacio-personalitzada\\\/#article\",\"isPartOf\":{\"@id\":\"https:\\\/\\\/grafiksestudio.com\\\/ca\\\/5-raons-per-escollir-una-retolacio-personalitzada\\\/\"},\"author\":{\"name\":\"Marta\",\"@id\":\"https:\\\/\\\/grafiksestudio.com\\\/ca\\\/#\\\/schema\\\/person\\\/edeac8f5edc877216074e8eff95111f9\"},\"headline\":\"5 RAONS PER ESCOLLIR UNA RETOLACI\u00d3 PERSONALITZADA\",\"datePublished\":\"2025-01-23T10:00:00+00:00\",\"dateModified\":\"2025-01-23T15:36:28+00:00\",\"mainEntityOfPage\":{\"@id\":\"https:\\\/\\\/grafiksestudio.com\\\/ca\\\/5-raons-per-escollir-una-retolacio-personalitzada\\\/\"},\"wordCount\":643,\"publisher\":{\"@id\":\"https:\\\/\\\/grafiksestudio.com\\\/ca\\\/#organization\"},\"image\":{\"@id\":\"https:\\\/\\\/grafiksestudio.com\\\/ca\\\/5-raons-per-escollir-una-retolacio-personalitzada\\\/#primaryimage\"},\"thumbnailUrl\":\"https:\\\/\\\/grafiksestudio.com\\\/wp-content\\\/uploads\\\/2025\\\/01\\\/Portada-Grafiks--scaled.jpg\",\"articleSection\":[\"Sin categorizar\"],\"inLanguage\":\"ca\"},{\"@type\":\"WebPage\",\"@id\":\"https:\\\/\\\/grafiksestudio.com\\\/ca\\\/5-raons-per-escollir-una-retolacio-personalitzada\\\/\",\"url\":\"https:\\\/\\\/grafiksestudio.com\\\/ca\\\/5-raons-per-escollir-una-retolacio-personalitzada\\\/\",\"name\":\"5 raons per triar una retolaci\u00f3 personalitzada\",\"isPartOf\":{\"@id\":\"https:\\\/\\\/grafiksestudio.com\\\/ca\\\/#website\"},\"primaryImageOfPage\":{\"@id\":\"https:\\\/\\\/grafiksestudio.com\\\/ca\\\/5-raons-per-escollir-una-retolacio-personalitzada\\\/#primaryimage\"},\"image\":{\"@id\":\"https:\\\/\\\/grafiksestudio.com\\\/ca\\\/5-raons-per-escollir-una-retolacio-personalitzada\\\/#primaryimage\"},\"thumbnailUrl\":\"https:\\\/\\\/grafiksestudio.com\\\/wp-content\\\/uploads\\\/2025\\\/01\\\/Portada-Grafiks--scaled.jpg\",\"datePublished\":\"2025-01-23T10:00:00+00:00\",\"dateModified\":\"2025-01-23T15:36:28+00:00\",\"description\":\"Et presentem 5 raons per les quals la retolaci\u00f3 personalitzada \u00e9s clau per a la teva marca i com ajudara a la teva visibilitat de marca\",\"breadcrumb\":{\"@id\":\"https:\\\/\\\/grafiksestudio.com\\\/ca\\\/5-raons-per-escollir-una-retolacio-personalitzada\\\/#breadcrumb\"},\"inLanguage\":\"ca\",\"potentialAction\":[{\"@type\":\"ReadAction\",\"target\":[\"https:\\\/\\\/grafiksestudio.com\\\/ca\\\/5-raons-per-escollir-una-retolacio-personalitzada\\\/\"]}]},{\"@type\":\"ImageObject\",\"inLanguage\":\"ca\",\"@id\":\"https:\\\/\\\/grafiksestudio.com\\\/ca\\\/5-raons-per-escollir-una-retolacio-personalitzada\\\/#primaryimage\",\"url\":\"https:\\\/\\\/grafiksestudio.com\\\/wp-content\\\/uploads\\\/2025\\\/01\\\/Portada-Grafiks--scaled.jpg\",\"contentUrl\":\"https:\\\/\\\/grafiksestudio.com\\\/wp-content\\\/uploads\\\/2025\\\/01\\\/Portada-Grafiks--scaled.jpg\",\"width\":2560,\"height\":1707},{\"@type\":\"BreadcrumbList\",\"@id\":\"https:\\\/\\\/grafiksestudio.com\\\/ca\\\/5-raons-per-escollir-una-retolacio-personalitzada\\\/#breadcrumb\",\"itemListElement\":[{\"@type\":\"ListItem\",\"position\":1,\"name\":\"Portada\",\"item\":\"https:\\\/\\\/grafiksestudio.com\\\/ca\\\/home\\\/\"},{\"@type\":\"ListItem\",\"position\":2,\"name\":\"5 RAONS PER ESCOLLIR UNA RETOLACI\u00d3 PERSONALITZADA\"}]},{\"@type\":\"WebSite\",\"@id\":\"https:\\\/\\\/grafiksestudio.com\\\/ca\\\/#website\",\"url\":\"https:\\\/\\\/grafiksestudio.com\\\/ca\\\/\",\"name\":\"Grafiks\",\"description\":\"Servicios integrales de rotulaci\u00f3n\",\"publisher\":{\"@id\":\"https:\\\/\\\/grafiksestudio.com\\\/ca\\\/#organization\"},\"alternateName\":\"Grafiks\",\"potentialAction\":[{\"@type\":\"SearchAction\",\"target\":{\"@type\":\"EntryPoint\",\"urlTemplate\":\"https:\\\/\\\/grafiksestudio.com\\\/ca\\\/?s={search_term_string}\"},\"query-input\":{\"@type\":\"PropertyValueSpecification\",\"valueRequired\":true,\"valueName\":\"search_term_string\"}}],\"inLanguage\":\"ca\"},{\"@type\":\"Organization\",\"@id\":\"https:\\\/\\\/grafiksestudio.com\\\/ca\\\/#organization\",\"name\":\"Grafiks\",\"alternateName\":\"Grafiks\",\"url\":\"https:\\\/\\\/grafiksestudio.com\\\/ca\\\/\",\"logo\":{\"@type\":\"ImageObject\",\"inLanguage\":\"ca\",\"@id\":\"https:\\\/\\\/grafiksestudio.com\\\/ca\\\/#\\\/schema\\\/logo\\\/image\\\/\",\"url\":\"https:\\\/\\\/grafiksestudio.com\\\/wp-content\\\/uploads\\\/2024\\\/04\\\/BL_LOGO_GRAFIKS20_WEB-listo.png\",\"contentUrl\":\"https:\\\/\\\/grafiksestudio.com\\\/wp-content\\\/uploads\\\/2024\\\/04\\\/BL_LOGO_GRAFIKS20_WEB-listo.png\",\"width\":600,\"height\":93,\"caption\":\"Grafiks\"},\"image\":{\"@id\":\"https:\\\/\\\/grafiksestudio.com\\\/ca\\\/#\\\/schema\\\/logo\\\/image\\\/\"},\"sameAs\":[\"https:\\\/\\\/www.facebook.com\\\/GFKGrafiksestudio\",\"https:\\\/\\\/www.instagram.com\\\/grafiksestudio\\\/\",\"https:\\\/\\\/www.linkedin.com\\\/company\\\/grafiks-estudio\\\/\",\"https:\\\/\\\/www.tiktok.com\\\/@grafiksestudio\"]},{\"@type\":\"Person\",\"@id\":\"https:\\\/\\\/grafiksestudio.com\\\/ca\\\/#\\\/schema\\\/person\\\/edeac8f5edc877216074e8eff95111f9\",\"name\":\"Marta\",\"image\":{\"@type\":\"ImageObject\",\"inLanguage\":\"ca\",\"@id\":\"https:\\\/\\\/secure.gravatar.com\\\/avatar\\\/f86e2eff238b2167db3338fb78ecfb11ee296d5d2dbd19147c8fcef45bb14009?s=96&d=mm&r=g\",\"url\":\"https:\\\/\\\/secure.gravatar.com\\\/avatar\\\/f86e2eff238b2167db3338fb78ecfb11ee296d5d2dbd19147c8fcef45bb14009?s=96&d=mm&r=g\",\"contentUrl\":\"https:\\\/\\\/secure.gravatar.com\\\/avatar\\\/f86e2eff238b2167db3338fb78ecfb11ee296d5d2dbd19147c8fcef45bb14009?s=96&d=mm&r=g\",\"caption\":\"Marta\"},\"url\":\"https:\\\/\\\/grafiksestudio.com\\\/ca\\\/author\\\/marta\\\/\"}]}<\/script>\n<!-- \/ Yoast SEO plugin. -->","yoast_head_json":{"title":"5 raons per triar una retolaci\u00f3 personalitzada","description":"Et presentem 5 raons per les quals la retolaci\u00f3 personalitzada \u00e9s clau per a la teva marca i com ajudara a la teva visibilitat de marca","robots":{"index":"index","follow":"follow","max-snippet":"max-snippet:-1","max-image-preview":"max-image-preview:large","max-video-preview":"max-video-preview:-1"},"canonical":"https:\/\/grafiksestudio.com\/ca\/5-raons-per-escollir-una-retolacio-personalitzada\/","og_locale":"ca_ES","og_type":"article","og_title":"5 raons per triar una retolaci\u00f3 personalitzada","og_description":"Et presentem 5 raons per les quals la retolaci\u00f3 personalitzada \u00e9s clau per a la teva marca i com ajudara a la teva visibilitat de marca","og_url":"https:\/\/grafiksestudio.com\/ca\/5-raons-per-escollir-una-retolacio-personalitzada\/","og_site_name":"Grafiks","article_publisher":"https:\/\/www.facebook.com\/GFKGrafiksestudio","article_published_time":"2025-01-23T10:00:00+00:00","article_modified_time":"2025-01-23T15:36:28+00:00","og_image":[{"width":2560,"height":1707,"url":"https:\/\/grafiksestudio.com\/wp-content\/uploads\/2025\/01\/Portada-Grafiks--scaled.jpg","type":"image\/jpeg"}],"author":"Marta","twitter_card":"summary_large_image","twitter_misc":{"Escrit per":"Marta","Temps estimat de lectura":"3 minuts"},"schema":{"@context":"https:\/\/schema.org","@graph":[{"@type":"Article","@id":"https:\/\/grafiksestudio.com\/ca\/5-raons-per-escollir-una-retolacio-personalitzada\/#article","isPartOf":{"@id":"https:\/\/grafiksestudio.com\/ca\/5-raons-per-escollir-una-retolacio-personalitzada\/"},"author":{"name":"Marta","@id":"https:\/\/grafiksestudio.com\/ca\/#\/schema\/person\/edeac8f5edc877216074e8eff95111f9"},"headline":"5 RAONS PER ESCOLLIR UNA RETOLACI\u00d3 PERSONALITZADA","datePublished":"2025-01-23T10:00:00+00:00","dateModified":"2025-01-23T15:36:28+00:00","mainEntityOfPage":{"@id":"https:\/\/grafiksestudio.com\/ca\/5-raons-per-escollir-una-retolacio-personalitzada\/"},"wordCount":643,"publisher":{"@id":"https:\/\/grafiksestudio.com\/ca\/#organization"},"image":{"@id":"https:\/\/grafiksestudio.com\/ca\/5-raons-per-escollir-una-retolacio-personalitzada\/#primaryimage"},"thumbnailUrl":"https:\/\/grafiksestudio.com\/wp-content\/uploads\/2025\/01\/Portada-Grafiks--scaled.jpg","articleSection":["Sin categorizar"],"inLanguage":"ca"},{"@type":"WebPage","@id":"https:\/\/grafiksestudio.com\/ca\/5-raons-per-escollir-una-retolacio-personalitzada\/","url":"https:\/\/grafiksestudio.com\/ca\/5-raons-per-escollir-una-retolacio-personalitzada\/","name":"5 raons per triar una retolaci\u00f3 personalitzada","isPartOf":{"@id":"https:\/\/grafiksestudio.com\/ca\/#website"},"primaryImageOfPage":{"@id":"https:\/\/grafiksestudio.com\/ca\/5-raons-per-escollir-una-retolacio-personalitzada\/#primaryimage"},"image":{"@id":"https:\/\/grafiksestudio.com\/ca\/5-raons-per-escollir-una-retolacio-personalitzada\/#primaryimage"},"thumbnailUrl":"https:\/\/grafiksestudio.com\/wp-content\/uploads\/2025\/01\/Portada-Grafiks--scaled.jpg","datePublished":"2025-01-23T10:00:00+00:00","dateModified":"2025-01-23T15:36:28+00:00","description":"Et presentem 5 raons per les quals la retolaci\u00f3 personalitzada \u00e9s clau per a la teva marca i com ajudara a la teva visibilitat de marca","breadcrumb":{"@id":"https:\/\/grafiksestudio.com\/ca\/5-raons-per-escollir-una-retolacio-personalitzada\/#breadcrumb"},"inLanguage":"ca","potentialAction":[{"@type":"ReadAction","target":["https:\/\/grafiksestudio.com\/ca\/5-raons-per-escollir-una-retolacio-personalitzada\/"]}]},{"@type":"ImageObject","inLanguage":"ca","@id":"https:\/\/grafiksestudio.com\/ca\/5-raons-per-escollir-una-retolacio-personalitzada\/#primaryimage","url":"https:\/\/grafiksestudio.com\/wp-content\/uploads\/2025\/01\/Portada-Grafiks--scaled.jpg","contentUrl":"https:\/\/grafiksestudio.com\/wp-content\/uploads\/2025\/01\/Portada-Grafiks--scaled.jpg","width":2560,"height":1707},{"@type":"BreadcrumbList","@id":"https:\/\/grafiksestudio.com\/ca\/5-raons-per-escollir-una-retolacio-personalitzada\/#breadcrumb","itemListElement":[{"@type":"ListItem","position":1,"name":"Portada","item":"https:\/\/grafiksestudio.com\/ca\/home\/"},{"@type":"ListItem","position":2,"name":"5 RAONS PER ESCOLLIR UNA RETOLACI\u00d3 PERSONALITZADA"}]},{"@type":"WebSite","@id":"https:\/\/grafiksestudio.com\/ca\/#website","url":"https:\/\/grafiksestudio.com\/ca\/","name":"Grafiks","description":"Servicios integrales de rotulaci\u00f3n","publisher":{"@id":"https:\/\/grafiksestudio.com\/ca\/#organization"},"alternateName":"Grafiks","potentialAction":[{"@type":"SearchAction","target":{"@type":"EntryPoint","urlTemplate":"https:\/\/grafiksestudio.com\/ca\/?s={search_term_string}"},"query-input":{"@type":"PropertyValueSpecification","valueRequired":true,"valueName":"search_term_string"}}],"inLanguage":"ca"},{"@type":"Organization","@id":"https:\/\/grafiksestudio.com\/ca\/#organization","name":"Grafiks","alternateName":"Grafiks","url":"https:\/\/grafiksestudio.com\/ca\/","logo":{"@type":"ImageObject","inLanguage":"ca","@id":"https:\/\/grafiksestudio.com\/ca\/#\/schema\/logo\/image\/","url":"https:\/\/grafiksestudio.com\/wp-content\/uploads\/2024\/04\/BL_LOGO_GRAFIKS20_WEB-listo.png","contentUrl":"https:\/\/grafiksestudio.com\/wp-content\/uploads\/2024\/04\/BL_LOGO_GRAFIKS20_WEB-listo.png","width":600,"height":93,"caption":"Grafiks"},"image":{"@id":"https:\/\/grafiksestudio.com\/ca\/#\/schema\/logo\/image\/"},"sameAs":["https:\/\/www.facebook.com\/GFKGrafiksestudio","https:\/\/www.instagram.com\/grafiksestudio\/","https:\/\/www.linkedin.com\/company\/grafiks-estudio\/","https:\/\/www.tiktok.com\/@grafiksestudio"]},{"@type":"Person","@id":"https:\/\/grafiksestudio.com\/ca\/#\/schema\/person\/edeac8f5edc877216074e8eff95111f9","name":"Marta","image":{"@type":"ImageObject","inLanguage":"ca","@id":"https:\/\/secure.gravatar.com\/avatar\/f86e2eff238b2167db3338fb78ecfb11ee296d5d2dbd19147c8fcef45bb14009?s=96&d=mm&r=g","url":"https:\/\/secure.gravatar.com\/avatar\/f86e2eff238b2167db3338fb78ecfb11ee296d5d2dbd19147c8fcef45bb14009?s=96&d=mm&r=g","contentUrl":"https:\/\/secure.gravatar.com\/avatar\/f86e2eff238b2167db3338fb78ecfb11ee296d5d2dbd19147c8fcef45bb14009?s=96&d=mm&r=g","caption":"Marta"},"url":"https:\/\/grafiksestudio.com\/ca\/author\/marta\/"}]}},"_links":{"self":[{"href":"https:\/\/grafiksestudio.com\/ca\/wp-json\/wp\/v2\/posts\/6203","targetHints":{"allow":["GET"]}}],"collection":[{"href":"https:\/\/grafiksestudio.com\/ca\/wp-json\/wp\/v2\/posts"}],"about":[{"href":"https:\/\/grafiksestudio.com\/ca\/wp-json\/wp\/v2\/types\/post"}],"author":[{"embeddable":true,"href":"https:\/\/grafiksestudio.com\/ca\/wp-json\/wp\/v2\/users\/2"}],"replies":[{"embeddable":true,"href":"https:\/\/grafiksestudio.com\/ca\/wp-json\/wp\/v2\/comments?post=6203"}],"version-history":[{"count":0,"href":"https:\/\/grafiksestudio.com\/ca\/wp-json\/wp\/v2\/posts\/6203\/revisions"}],"wp:featuredmedia":[{"embeddable":true,"href":"https:\/\/grafiksestudio.com\/ca\/wp-json\/wp\/v2\/media\/6112"}],"wp:attachment":[{"href":"https:\/\/grafiksestudio.com\/ca\/wp-json\/wp\/v2\/media?parent=6203"}],"wp:term":[{"taxonomy":"category","embeddable":true,"href":"https:\/\/grafiksestudio.com\/ca\/wp-json\/wp\/v2\/categories?post=6203"},{"taxonomy":"post_tag","embeddable":true,"href":"https:\/\/grafiksestudio.com\/ca\/wp-json\/wp\/v2\/tags?post=6203"}],"curies":[{"name":"wp","href":"https:\/\/api.w.org\/{rel}","templated":true}]}}