{"id":8094,"date":"2026-04-28T06:00:00","date_gmt":"2026-04-28T06:00:00","guid":{"rendered":"https:\/\/grafiksestudio.com\/?p=8094"},"modified":"2026-04-14T15:26:29","modified_gmt":"2026-04-14T15:26:29","slug":"retols-digitals-i-interactius-levolucio-de-la-comunicacio-visual","status":"publish","type":"post","link":"https:\/\/grafiksestudio.com\/ca\/retols-digitals-i-interactius-levolucio-de-la-comunicacio-visual\/","title":{"rendered":"R\u00e8tols Digitals i Interactius: L&#8217;Evoluci\u00f3 de la Comunicaci\u00f3 Visual"},"content":{"rendered":"\t\t<div data-elementor-type=\"wp-post\" data-elementor-id=\"8094\" class=\"elementor elementor-8094 elementor-8077\" data-elementor-post-type=\"post\">\n\t\t\t\t<div class=\"elementor-element elementor-element-ee74e56 e-flex e-con-boxed qodef-elementor-content-no e-con e-parent\" data-id=\"ee74e56\" data-element_type=\"container\" data-e-type=\"container\" data-settings=\"{&quot;background_background&quot;:&quot;classic&quot;}\">\n\t\t\t\t\t<div class=\"e-con-inner\">\n\t\t\t\t<div class=\"elementor-element elementor-element-bf2a41b elementor-widget elementor-widget-spacer\" data-id=\"bf2a41b\" data-element_type=\"widget\" data-e-type=\"widget\" data-widget_type=\"spacer.default\">\n\t\t\t\t<div class=\"elementor-widget-container\">\n\t\t\t\t\t\t\t<div class=\"elementor-spacer\">\n\t\t\t<div class=\"elementor-spacer-inner\"><\/div>\n\t\t<\/div>\n\t\t\t\t\t\t<\/div>\n\t\t\t\t<\/div>\n\t\t\t\t<div class=\"elementor-element elementor-element-b2d85e3 elementor-widget elementor-widget-heading\" data-id=\"b2d85e3\" data-element_type=\"widget\" data-e-type=\"widget\" data-widget_type=\"heading.default\">\n\t\t\t\t<div class=\"elementor-widget-container\">\n\t\t\t\t\t<h1 class=\"elementor-heading-title elementor-size-default\">R\u00e8tols Digitals i Interactius: L&#8217;Evoluci\u00f3 de la Comunicaci\u00f3 Visual<\/h1>\t\t\t\t<\/div>\n\t\t\t\t<\/div>\n\t\t\t\t<div class=\"elementor-element elementor-element-b02cc68 elementor-widget elementor-widget-spacer\" data-id=\"b02cc68\" data-element_type=\"widget\" data-e-type=\"widget\" data-widget_type=\"spacer.default\">\n\t\t\t\t<div class=\"elementor-widget-container\">\n\t\t\t\t\t\t\t<div class=\"elementor-spacer\">\n\t\t\t<div class=\"elementor-spacer-inner\"><\/div>\n\t\t<\/div>\n\t\t\t\t\t\t<\/div>\n\t\t\t\t<\/div>\n\t\t\t\t\t<\/div>\n\t\t\t\t<\/div>\n\t\t<div class=\"elementor-element elementor-element-b740e2b e-con-full e-flex qodef-elementor-content-no e-con e-parent\" data-id=\"b740e2b\" data-element_type=\"container\" data-e-type=\"container\">\n\t\t<div class=\"elementor-element elementor-element-7d9586d e-con-full e-flex qodef-elementor-content-no e-con e-child\" data-id=\"7d9586d\" data-element_type=\"container\" data-e-type=\"container\">\n\t\t\t\t<div class=\"elementor-element elementor-element-d28998b elementor-widget elementor-widget-spacer\" data-id=\"d28998b\" data-element_type=\"widget\" data-e-type=\"widget\" data-widget_type=\"spacer.default\">\n\t\t\t\t<div class=\"elementor-widget-container\">\n\t\t\t\t\t\t\t<div class=\"elementor-spacer\">\n\t\t\t<div class=\"elementor-spacer-inner\"><\/div>\n\t\t<\/div>\n\t\t\t\t\t\t<\/div>\n\t\t\t\t<\/div>\n\t\t\t\t<div class=\"elementor-element elementor-element-fb44275 elementor-widget elementor-widget-heading\" data-id=\"fb44275\" data-element_type=\"widget\" data-e-type=\"widget\" data-widget_type=\"heading.default\">\n\t\t\t\t<div class=\"elementor-widget-container\">\n\t\t\t\t\t<h2 class=\"elementor-heading-title elementor-size-default\">La comunicaci\u00f3 visual digital ha esdevingut una eina estrat\u00e8gica indispensable.<\/h2>\t\t\t\t<\/div>\n\t\t\t\t<\/div>\n\t\t\t\t<\/div>\n\t\t<div class=\"elementor-element elementor-element-bef11ee e-con-full e-flex qodef-elementor-content-no e-con e-child\" data-id=\"bef11ee\" data-element_type=\"container\" data-e-type=\"container\">\n\t\t\t\t<div class=\"elementor-element elementor-element-3665694 elementor-widget elementor-widget-spacer\" data-id=\"3665694\" data-element_type=\"widget\" data-e-type=\"widget\" data-widget_type=\"spacer.default\">\n\t\t\t\t<div class=\"elementor-widget-container\">\n\t\t\t\t\t\t\t<div class=\"elementor-spacer\">\n\t\t\t<div class=\"elementor-spacer-inner\"><\/div>\n\t\t<\/div>\n\t\t\t\t\t\t<\/div>\n\t\t\t\t<\/div>\n\t\t\t\t<div class=\"elementor-element elementor-element-ceb210b elementor-widget elementor-widget-text-editor\" data-id=\"ceb210b\" data-element_type=\"widget\" data-e-type=\"widget\" data-widget_type=\"text-editor.default\">\n\t\t\t\t<div class=\"elementor-widget-container\">\n\t\t\t\t\t\t\t\t\t<p>La manera com les empreses es comuniquen amb els seus clients ha evolucionat de manera significativa en els \u00faltims anys. La <strong>comunicaci\u00f3 visual<\/strong> digital ha esdevingut una eina estrat\u00e8gica per captar atenci\u00f3, transmetre informaci\u00f3 de manera efectiva i oferir experi\u00e8ncies memorables. En aquest context, els <strong>r\u00e8tols digitals i interactius<\/strong> estan transformant els espais comercials, corporatius i p\u00fablics, combinant disseny, tecnologia i funcionalitat.  <\/p>\t\t\t\t\t\t\t\t<\/div>\n\t\t\t\t<\/div>\n\t\t\t\t<div class=\"elementor-element elementor-element-c66caa0 elementor-widget elementor-widget-heading\" data-id=\"c66caa0\" data-element_type=\"widget\" data-e-type=\"widget\" data-widget_type=\"heading.default\">\n\t\t\t\t<div class=\"elementor-widget-container\">\n\t\t\t\t\t<h2 class=\"elementor-heading-title elementor-size-default\">Qu\u00e8 s\u00f3n els r\u00e8tols digitals i interactius?<\/h2>\t\t\t\t<\/div>\n\t\t\t\t<\/div>\n\t\t\t\t<div class=\"elementor-element elementor-element-b95cb28 elementor-widget elementor-widget-text-editor\" data-id=\"b95cb28\" data-element_type=\"widget\" data-e-type=\"widget\" data-widget_type=\"text-editor.default\">\n\t\t\t\t<div class=\"elementor-widget-container\">\n\t\t\t\t\t\t\t\t\t<p>Els <strong>r\u00e8tols digitals<\/strong> s\u00f3n pantalles o displays electr\u00f2nics dissenyats per mostrar informaci\u00f3, publicitat o contingut visual de manera din\u00e0mica. A difer\u00e8ncia de la senyalitzaci\u00f3 tradicional, aquests r\u00e8tols permeten actualitzar la informaci\u00f3 en temps real, oferint flexibilitat i adaptabilitat. D&#8217;altra banda, els r\u00e8tols interactius permeten que els usuaris interactu\u00efn directament amb el contingut, ja sigui mitjan\u00e7ant pantalles t\u00e0ctils, sensors de moviment o codis QR. Aquesta interacci\u00f3 millora lexperi\u00e8ncia de lusuari i converteix la senyalitzaci\u00f3 digital en un canal de comunicaci\u00f3 actiu, m\u00e9s enll\u00e0 dun simple suport visual.   <\/p>\t\t\t\t\t\t\t\t<\/div>\n\t\t\t\t<\/div>\n\t\t\t\t<div class=\"elementor-element elementor-element-e52ffae elementor-widget elementor-widget-heading\" data-id=\"e52ffae\" data-element_type=\"widget\" data-e-type=\"widget\" data-widget_type=\"heading.default\">\n\t\t\t\t<div class=\"elementor-widget-container\">\n\t\t\t\t\t<h2 class=\"elementor-heading-title elementor-size-default\">Aplicacions dels r\u00e8tols digitals i interactius<\/h2>\t\t\t\t<\/div>\n\t\t\t\t<\/div>\n\t\t\t\t<div class=\"elementor-element elementor-element-1b6b810 elementor-widget elementor-widget-text-editor\" data-id=\"1b6b810\" data-element_type=\"widget\" data-e-type=\"widget\" data-widget_type=\"text-editor.default\">\n\t\t\t\t<div class=\"elementor-widget-container\">\n\t\t\t\t\t\t\t\t\t<p><span data-contrast=\"auto\">Els<\/span> <span data-contrast=\"auto\"><b>r\u00e8tols digitals i interactius<\/b><\/span> <span data-contrast=\"auto\">s&#8217;adapten a diferents sectors i objectius:<\/span><\/p><ul><li aria-setsize=\"-1\" data-leveltext=\"\u25cf\" data-font=\"\" data-listid=\"1\" data-list-defn-props=\"{\"335552541\":1,\"335559685\":720,\"335559991\":360,\"469769242\":[8226],\"469777803\":\"left\",\"469777804\":\"\u25cf\"}\" data-aria-posinset=\"1\" data-aria-level=\"1\"><b>Retail i comer\u00e7<\/b>: aparadors din\u00e0mics, men\u00fas digitals a restaurants o pantalles promocionals que actualitzen ofertes a l&#8217;instant.<\/li><\/ul><ul><li aria-setsize=\"-1\" data-leveltext=\"\u25cf\" data-font=\"\" data-listid=\"1\" data-list-defn-props=\"{\"335552541\":1,\"335559685\":720,\"335559991\":360,\"469769242\":[8226],\"469777803\":\"left\",\"469777804\":\"\u25cf\"}\" data-aria-posinset=\"2\" data-aria-level=\"1\"><b>Esdeveniments i fires<\/b>: senyalitzaci\u00f3 temporal, agendes interactives o mapes digitals que faciliten l&#8217;orientaci\u00f3 dels assistents.<\/li><\/ul><ul><li aria-setsize=\"-1\" data-leveltext=\"\u25cf\" data-font=\"\" data-listid=\"1\" data-list-defn-props=\"{\"335552541\":1,\"335559685\":720,\"335559991\":360,\"469769242\":[8226],\"469777803\":\"left\",\"469777804\":\"\u25cf\"}\" data-aria-posinset=\"3\" data-aria-level=\"1\"><b>Oficines i entorns corporatius<\/b>: comunicaci\u00f3 interna, informaci\u00f3 de sales de reunions o anuncis corporatius en temps real.<span data-ccp-props=\"{\"134233117\":false,\"134233118\":false,\"335559685\":720,\"335559738\":0,\"335559739\":0,\"335559991\":360}\"> <\/span><\/li><\/ul><ul><li aria-setsize=\"-1\" data-leveltext=\"\u25cf\" data-font=\"\" data-listid=\"1\" data-list-defn-props=\"{\"335552541\":1,\"335559685\":720,\"335559991\":360,\"469769242\":[8226],\"469777803\":\"left\",\"469777804\":\"\u25cf\"}\" data-aria-posinset=\"4\" data-aria-level=\"1\"><b>Transport i espais p\u00fablics<\/b>: horaris, alertes o informaci\u00f3 dinter\u00e8s per als usuaris, accessible de forma r\u00e0pida i visual.<\/li><\/ul><p>Aquestes aplicacions mostren com la <b>senyalitzaci\u00f3 digital<\/b> no nom\u00e9s decora lespai, sin\u00f3 que es converteix en un canal dinformaci\u00f3 eficient i estrat\u00e8gic.<span data-ccp-props=\"{\"335559738\":240,\"335559739\":240}\"> <\/span><\/p>\t\t\t\t\t\t\t\t<\/div>\n\t\t\t\t<\/div>\n\t\t\t\t<div class=\"elementor-element elementor-element-fc54841 elementor-widget elementor-widget-heading\" data-id=\"fc54841\" data-element_type=\"widget\" data-e-type=\"widget\" data-widget_type=\"heading.default\">\n\t\t\t\t<div class=\"elementor-widget-container\">\n\t\t\t\t\t<h2 class=\"elementor-heading-title elementor-size-default\"><span data-contrast=\"auto\" lang=\"ES\" style=\"margin: 0px;padding: 0px;font-size: 17pt;line-height: 31.05px;font-family: Arial, Arial_EmbeddedFont, Arial_MSFontService, sans-serif\" xml:lang=\"ES\">Tend\u00e8ncies en r\u00e8tols digitals<\/span><\/h2>\t\t\t\t<\/div>\n\t\t\t\t<\/div>\n\t\t\t\t<div class=\"elementor-element elementor-element-9650984 elementor-widget elementor-widget-text-editor\" data-id=\"9650984\" data-element_type=\"widget\" data-e-type=\"widget\" data-widget_type=\"text-editor.default\">\n\t\t\t\t<div class=\"elementor-widget-container\">\n\t\t\t\t\t\t\t\t\t<p>La tecnologia est\u00e0 marcant noves tend\u00e8ncies en la <b>comunicaci\u00f3 visual digital<\/b>:<\/p><ul><li aria-setsize=\"-1\" data-leveltext=\"\u25cf\" data-font=\"\" data-listid=\"2\" data-list-defn-props=\"{\"335552541\":1,\"335559685\":720,\"335559991\":360,\"469769242\":[8226],\"469777803\":\"left\",\"469777804\":\"\u25cf\"}\" data-aria-posinset=\"1\" data-aria-level=\"1\"><b>Integraci\u00f3 amb intel\u00b7lig\u00e8ncia artificial i dades en temps real<\/b>: els r\u00e8tols interactius poden mostrar contingut personalitzat segons el perfil de lusuari o lhora del dia.<\/li><\/ul><ul><li aria-setsize=\"-1\" data-leveltext=\"\u25cf\" data-font=\"\" data-listid=\"2\" data-list-defn-props=\"{\"335552541\":1,\"335559685\":720,\"335559991\":360,\"469769242\":[8226],\"469777803\":\"left\",\"469777804\":\"\u25cf\"}\" data-aria-posinset=\"2\" data-aria-level=\"1\"><b>Pantalles t\u00e0ctils i experi\u00e8ncies immersives<\/b>: permeten als clients explorar productes, serveis o informaci\u00f3 de manera aut\u00f2noma i divertida.<\/li><\/ul><ul><li aria-setsize=\"-1\" data-leveltext=\"\u25cf\" data-font=\"\" data-listid=\"2\" data-list-defn-props=\"{\"335552541\":1,\"335559685\":720,\"335559991\":360,\"469769242\":[8226],\"469777803\":\"left\",\"469777804\":\"\u25cf\"}\" data-aria-posinset=\"3\" data-aria-level=\"1\"><b>Disseny minimalista i contingut din\u00e0mic<\/b>: combinen est\u00e8tica i funcionalitat per mantenir latenci\u00f3 del p\u00fablic sense sobrecarregar lespai visual.<\/li><\/ul><p>Aquestes innovacions reforcen la import\u00e0ncia dels <b>r\u00e8tols digitals i interactius<\/b> com a eines imprescindibles per a negocis moderns que busquen diferenciar-se i oferir experi\u00e8ncies \u00faniques.<\/p>\t\t\t\t\t\t\t\t<\/div>\n\t\t\t\t<\/div>\n\t\t\t\t<div class=\"elementor-element elementor-element-bf971b6 elementor-widget elementor-widget-heading\" data-id=\"bf971b6\" data-element_type=\"widget\" data-e-type=\"widget\" data-widget_type=\"heading.default\">\n\t\t\t\t<div class=\"elementor-widget-container\">\n\t\t\t\t\t<h2 class=\"elementor-heading-title elementor-size-default\"><span data-contrast=\"auto\" lang=\"ES\" class=\"TextRun MacChromeBold SCXW168261025 BCX0\" xml:lang=\"ES\"><span class=\"NormalTextRun SCXW168261025 BCX0\" data-ccp-parastyle=\"heading 2\">Com implementar r\u00e8tols digitals i interactius al teu negoci<\/span><\/span><\/h2>\t\t\t\t<\/div>\n\t\t\t\t<\/div>\n\t\t\t\t<div class=\"elementor-element elementor-element-c9c5bae elementor-widget elementor-widget-image\" data-id=\"c9c5bae\" data-element_type=\"widget\" data-e-type=\"widget\" data-widget_type=\"image.default\">\n\t\t\t\t<div class=\"elementor-widget-container\">\n\t\t\t\t\t\t\t\t\t\t\t\t\t\t\t<img fetchpriority=\"high\" decoding=\"async\" width=\"1024\" height=\"863\" src=\"https:\/\/grafiksestudio.com\/wp-content\/uploads\/2026\/04\/shutterstock_2424135487.jpg\" class=\"attachment-full size-full wp-image-8079\" alt=\"\" srcset=\"https:\/\/grafiksestudio.com\/wp-content\/uploads\/2026\/04\/shutterstock_2424135487.jpg 1024w, https:\/\/grafiksestudio.com\/wp-content\/uploads\/2026\/04\/shutterstock_2424135487-300x253.jpg 300w, https:\/\/grafiksestudio.com\/wp-content\/uploads\/2026\/04\/shutterstock_2424135487-768x647.jpg 768w\" sizes=\"(max-width: 1024px) 100vw, 1024px\" \/>\t\t\t\t\t\t\t\t\t\t\t\t\t\t\t<\/div>\n\t\t\t\t<\/div>\n\t\t\t\t<div class=\"elementor-element elementor-element-580fe4a elementor-widget elementor-widget-text-editor\" data-id=\"580fe4a\" data-element_type=\"widget\" data-e-type=\"widget\" data-widget_type=\"text-editor.default\">\n\t\t\t\t<div class=\"elementor-widget-container\">\n\t\t\t\t\t\t\t\t\t<p>Perqu\u00e8 la inversi\u00f3 en <b>r\u00e8tols digitals <\/b>sigui efectiva, \u00e9s important planificar:<\/p><ol><li aria-setsize=\"-1\" data-leveltext=\"%1.\" data-font=\"\" data-listid=\"3\" data-list-defn-props=\"{\"335552541\":0,\"335559685\":720,\"335559991\":360,\"469769242\":[65533,0],\"469777803\":\"left\",\"469777804\":\"%1.\"}\" data-aria-posinset=\"1\" data-aria-level=\"1\"><b>Definir objectius clars<\/b>: determinar si el r\u00e8tol s&#8217;utilitzar\u00e0 per a promoci\u00f3, informaci\u00f3, orientaci\u00f3 o interacci\u00f3.<\/li><\/ol><ol><li aria-setsize=\"-1\" data-leveltext=\"%1.\" data-font=\"\" data-listid=\"3\" data-list-defn-props=\"{\"335552541\":0,\"335559685\":720,\"335559991\":360,\"469769242\":[65533,0],\"469777803\":\"left\",\"469777804\":\"%1.\"}\" data-aria-posinset=\"2\" data-aria-level=\"1\"><b>Triar ubicacions estrat\u00e8giques<\/b>: col\u00b7locar-los en punts visibles i de tr\u00e0nsit constant per maximitzar-ne l&#8217;impacte.<\/li><\/ol><ol><li aria-setsize=\"-1\" data-leveltext=\"%1.\" data-font=\"\" data-listid=\"3\" data-list-defn-props=\"{\"335552541\":0,\"335559685\":720,\"335559991\":360,\"469769242\":[65533,0],\"469777803\":\"left\",\"469777804\":\"%1.\"}\" data-aria-posinset=\"3\" data-aria-level=\"1\"><b>Dissenyar contingut atractiu i llegible<\/b>: tipografies clares, colors contrastants i animacions moderades faciliten la lectura i comprensi\u00f3.<\/li><\/ol><ol><li aria-setsize=\"-1\" data-leveltext=\"%1.\" data-font=\"\" data-listid=\"3\" data-list-defn-props=\"{\"335552541\":0,\"335559685\":720,\"335559991\":360,\"469769242\":[65533,0],\"469777803\":\"left\",\"469777804\":\"%1.\"}\" data-aria-posinset=\"4\" data-aria-level=\"1\"><b>Integrar interactivitat segons el p\u00fablic<\/b>: pantalles t\u00e0ctils, sensors o codis QR milloren lexperi\u00e8ncia i fomenten la participaci\u00f3.<\/li><\/ol><ol><li aria-setsize=\"-1\" data-leveltext=\"%1.\" data-font=\"\" data-listid=\"3\" data-list-defn-props=\"{\"335552541\":0,\"335559685\":720,\"335559991\":360,\"469769242\":[65533,0],\"469777803\":\"left\",\"469777804\":\"%1.\"}\" data-aria-posinset=\"5\" data-aria-level=\"1\"><b>Actualitzar contingut de manera regular<\/b>: mantenir la informaci\u00f3 fresca i rellevant mant\u00e9 l&#8217;inter\u00e8s del p\u00fablic i refor\u00e7a la comunicaci\u00f3.<\/li><\/ol>\t\t\t\t\t\t\t\t<\/div>\n\t\t\t\t<\/div>\n\t\t\t\t<div class=\"elementor-element elementor-element-e9a30ea elementor-widget elementor-widget-image\" data-id=\"e9a30ea\" data-element_type=\"widget\" data-e-type=\"widget\" data-widget_type=\"image.default\">\n\t\t\t\t<div class=\"elementor-widget-container\">\n\t\t\t\t\t\t\t\t\t\t\t\t\t\t\t<img decoding=\"async\" width=\"1024\" height=\"863\" src=\"https:\/\/grafiksestudio.com\/wp-content\/uploads\/2026\/04\/shutterstock_2663441661.jpg\" class=\"attachment-full size-full wp-image-8085\" alt=\"\" srcset=\"https:\/\/grafiksestudio.com\/wp-content\/uploads\/2026\/04\/shutterstock_2663441661.jpg 1024w, https:\/\/grafiksestudio.com\/wp-content\/uploads\/2026\/04\/shutterstock_2663441661-300x253.jpg 300w, https:\/\/grafiksestudio.com\/wp-content\/uploads\/2026\/04\/shutterstock_2663441661-768x647.jpg 768w\" sizes=\"(max-width: 1024px) 100vw, 1024px\" \/>\t\t\t\t\t\t\t\t\t\t\t\t\t\t\t<\/div>\n\t\t\t\t<\/div>\n\t\t\t\t<div class=\"elementor-element elementor-element-226db3f elementor-widget elementor-widget-text-editor\" data-id=\"226db3f\" data-element_type=\"widget\" data-e-type=\"widget\" data-widget_type=\"text-editor.default\">\n\t\t\t\t<div class=\"elementor-widget-container\">\n\t\t\t\t\t\t\t\t\t<p>Els <b>r\u00e8tols digitals i interactius<\/b> representen l&#8217;evoluci\u00f3 natural de la senyalitzaci\u00f3 i la <b>comunicaci\u00f3 visual digital<\/b><span data-contrast=\"auto\">. M\u00e9s enll\u00e0 d&#8217;informar, aquests sistemes permeten atreure, involucrar i fidelitzar el p\u00fablic de manera innovadora i din\u00e0mica.<\/span><span data-ccp-props=\"{\"335559738\":240,\"335559739\":240}\"> <\/span><\/p><p>Incorporar <b>r\u00e8tols digitals<\/b><span data-contrast=\"auto\"> al teu negoci o organitzaci\u00f3 no nom\u00e9s millora la visibilitat, sin\u00f3 que aporta modernitat, flexibilitat i efici\u00e8ncia. Per la seva banda, els  <\/span><b>r\u00e8tols interactius<\/b> afegeixen un valor addicional en permetre que lusuari participi activament en lexperi\u00e8ncia, creant un enlla\u00e7 m\u00e9s fort amb la marca.<span data-ccp-props=\"{\"335559738\":240,\"335559739\":240}\"> <\/span><\/p><p>En un entorn cada cop m\u00e9s competitiu, apostar per la <b>senyalitzaci\u00f3 digital<\/b> \u00e9s una estrat\u00e8gia intel\u00b7ligent per destacar, comunicar amb claredat i oferir experi\u00e8ncies memorables que marquin la difer\u00e8ncia.<span data-ccp-props=\"{\"335559738\":240,\"335559739\":240}\"> <\/span><\/p>\t\t\t\t\t\t\t\t<\/div>\n\t\t\t\t<\/div>\n\t\t\t\t<div class=\"elementor-element elementor-element-b4f9398 elementor-widget elementor-widget-text-editor\" data-id=\"b4f9398\" data-element_type=\"widget\" data-e-type=\"widget\" data-widget_type=\"text-editor.default\">\n\t\t\t\t<div class=\"elementor-widget-container\">\n\t\t\t\t\t\t\t\t\t<p><a href=\"https:\/\/grafiksestudio.com\/ca\/demanar-pressupost\/\">Contacta&#8217;ns<\/a> i desacobreix com un r\u00e8tol llumin\u00f3s pot fer que el teu negoci destaqui&#8230; sempre.<\/p>\t\t\t\t\t\t\t\t<\/div>\n\t\t\t\t<\/div>\n\t\t\t\t<div class=\"elementor-element elementor-element-c1c5765 elementor-widget elementor-widget-text-editor\" data-id=\"c1c5765\" data-element_type=\"widget\" data-e-type=\"widget\" data-widget_type=\"text-editor.default\">\n\t\t\t\t<div class=\"elementor-widget-container\">\n\t\t\t\t\t\t\t\t\t<p>\ud83d\udccdVisita&#8217;ns a: <span style=\"color: #333333;\"><a style=\"color: #333333;\" href=\"http:\/\/www.grafiksestudio.com\" data-wplink-edit=\"true\"><strong>www.grafiksestudio.com<\/strong><\/a><\/span><\/p>\t\t\t\t\t\t\t\t<\/div>\n\t\t\t\t<\/div>\n\t\t\t\t<div class=\"elementor-element elementor-element-585194c elementor-widget elementor-widget-text-editor\" data-id=\"585194c\" data-element_type=\"widget\" data-e-type=\"widget\" data-widget_type=\"text-editor.default\">\n\t\t\t\t<div class=\"elementor-widget-container\">\n\t\t\t\t\t\t\t\t\t<p style=\"text-align: center;\" align=\"center\">Demana el teu <a style=\"color: #000000;\" href=\"https:\/\/grafiksestudio.com\/ca\/demanar-pressupost\/\" data-wplink-edit=\"true\"><span style=\"color: #000000;\">pressupos<\/span>t<\/a> avui mateix!<\/p>\t\t\t\t\t\t\t\t<\/div>\n\t\t\t\t<\/div>\n\t\t\t\t<\/div>\n\t\t\t\t<\/div>\n\t\t\t\t<\/div>\n\t\t","protected":false},"excerpt":{"rendered":"<p>Descobreix com els r\u00e8tols digitals i interactius transformen la comunicaci\u00f3 visual, milloren lexperi\u00e8ncia de lusuari i potencien la visibilitat del teu negoci.<\/p>\n","protected":false},"author":2,"featured_media":8082,"comment_status":"closed","ping_status":"closed","sticky":false,"template":"","format":"standard","meta":{"_joinchat":[],"footnotes":""},"categories":[1],"tags":[],"class_list":["post-8094","post","type-post","status-publish","format-standard","has-post-thumbnail","hentry","category-sin-categorizar"],"yoast_head":"<!-- This site is optimized with the Yoast SEO plugin v27.3 - https:\/\/yoast.com\/product\/yoast-seo-wordpress\/ -->\n<title>R\u00e8tols digitals i interactius: levoluci\u00f3 de la comunicaci\u00f3 visual<\/title>\n<meta name=\"description\" content=\"Descobreix com els r\u00e8tols digitals i interactius transformen la comunicaci\u00f3 visual, milloren lexperi\u00e8ncia de lusuari i potencien la visibilitat del teu negoci.\" \/>\n<meta name=\"robots\" content=\"index, follow, max-snippet:-1, max-image-preview:large, max-video-preview:-1\" \/>\n<link rel=\"canonical\" href=\"https:\/\/grafiksestudio.com\/ca\/retols-digitals-i-interactius-levolucio-de-la-comunicacio-visual\/\" \/>\n<meta property=\"og:locale\" content=\"ca_ES\" \/>\n<meta property=\"og:type\" content=\"article\" \/>\n<meta property=\"og:title\" content=\"R\u00e8tols digitals i interactius: levoluci\u00f3 de la comunicaci\u00f3 visual\" \/>\n<meta property=\"og:description\" content=\"Descobreix com els r\u00e8tols digitals i interactius transformen la comunicaci\u00f3 visual, milloren lexperi\u00e8ncia de lusuari i potencien la visibilitat del teu negoci.\" \/>\n<meta property=\"og:url\" content=\"https:\/\/grafiksestudio.com\/ca\/retols-digitals-i-interactius-levolucio-de-la-comunicacio-visual\/\" \/>\n<meta property=\"og:site_name\" content=\"Grafiks\" \/>\n<meta property=\"article:publisher\" content=\"https:\/\/www.facebook.com\/GFKGrafiksestudio\" \/>\n<meta property=\"article:published_time\" content=\"2026-04-28T06:00:00+00:00\" \/>\n<meta property=\"og:image\" content=\"https:\/\/grafiksestudio.com\/wp-content\/uploads\/2026\/04\/shutterstock_2671954847.jpg\" \/>\n\t<meta property=\"og:image:width\" content=\"1024\" \/>\n\t<meta property=\"og:image:height\" content=\"863\" \/>\n\t<meta property=\"og:image:type\" content=\"image\/jpeg\" \/>\n<meta name=\"author\" content=\"Marta\" \/>\n<meta name=\"twitter:card\" content=\"summary_large_image\" \/>\n<meta name=\"twitter:label1\" content=\"Escrit per\" \/>\n\t<meta name=\"twitter:data1\" content=\"Marta\" \/>\n\t<meta name=\"twitter:label2\" content=\"Temps estimat de lectura\" \/>\n\t<meta name=\"twitter:data2\" content=\"3 minuts\" \/>\n<script type=\"application\/ld+json\" class=\"yoast-schema-graph\">{\"@context\":\"https:\\\/\\\/schema.org\",\"@graph\":[{\"@type\":\"Article\",\"@id\":\"https:\\\/\\\/grafiksestudio.com\\\/ca\\\/retols-digitals-i-interactius-levolucio-de-la-comunicacio-visual\\\/#article\",\"isPartOf\":{\"@id\":\"https:\\\/\\\/grafiksestudio.com\\\/ca\\\/retols-digitals-i-interactius-levolucio-de-la-comunicacio-visual\\\/\"},\"author\":{\"name\":\"Marta\",\"@id\":\"https:\\\/\\\/grafiksestudio.com\\\/ca\\\/#\\\/schema\\\/person\\\/edeac8f5edc877216074e8eff95111f9\"},\"headline\":\"R\u00e8tols Digitals i Interactius: L&#8217;Evoluci\u00f3 de la Comunicaci\u00f3 Visual\",\"datePublished\":\"2026-04-28T06:00:00+00:00\",\"mainEntityOfPage\":{\"@id\":\"https:\\\/\\\/grafiksestudio.com\\\/ca\\\/retols-digitals-i-interactius-levolucio-de-la-comunicacio-visual\\\/\"},\"wordCount\":703,\"publisher\":{\"@id\":\"https:\\\/\\\/grafiksestudio.com\\\/ca\\\/#organization\"},\"image\":{\"@id\":\"https:\\\/\\\/grafiksestudio.com\\\/ca\\\/retols-digitals-i-interactius-levolucio-de-la-comunicacio-visual\\\/#primaryimage\"},\"thumbnailUrl\":\"https:\\\/\\\/grafiksestudio.com\\\/wp-content\\\/uploads\\\/2026\\\/04\\\/shutterstock_2671954847.jpg\",\"articleSection\":[\"Sin categorizar\"],\"inLanguage\":\"ca\"},{\"@type\":\"WebPage\",\"@id\":\"https:\\\/\\\/grafiksestudio.com\\\/ca\\\/retols-digitals-i-interactius-levolucio-de-la-comunicacio-visual\\\/\",\"url\":\"https:\\\/\\\/grafiksestudio.com\\\/ca\\\/retols-digitals-i-interactius-levolucio-de-la-comunicacio-visual\\\/\",\"name\":\"R\u00e8tols digitals i interactius: levoluci\u00f3 de la comunicaci\u00f3 visual\",\"isPartOf\":{\"@id\":\"https:\\\/\\\/grafiksestudio.com\\\/ca\\\/#website\"},\"primaryImageOfPage\":{\"@id\":\"https:\\\/\\\/grafiksestudio.com\\\/ca\\\/retols-digitals-i-interactius-levolucio-de-la-comunicacio-visual\\\/#primaryimage\"},\"image\":{\"@id\":\"https:\\\/\\\/grafiksestudio.com\\\/ca\\\/retols-digitals-i-interactius-levolucio-de-la-comunicacio-visual\\\/#primaryimage\"},\"thumbnailUrl\":\"https:\\\/\\\/grafiksestudio.com\\\/wp-content\\\/uploads\\\/2026\\\/04\\\/shutterstock_2671954847.jpg\",\"datePublished\":\"2026-04-28T06:00:00+00:00\",\"description\":\"Descobreix com els r\u00e8tols digitals i interactius transformen la comunicaci\u00f3 visual, milloren lexperi\u00e8ncia de lusuari i potencien la visibilitat del teu negoci.\",\"breadcrumb\":{\"@id\":\"https:\\\/\\\/grafiksestudio.com\\\/ca\\\/retols-digitals-i-interactius-levolucio-de-la-comunicacio-visual\\\/#breadcrumb\"},\"inLanguage\":\"ca\",\"potentialAction\":[{\"@type\":\"ReadAction\",\"target\":[\"https:\\\/\\\/grafiksestudio.com\\\/ca\\\/retols-digitals-i-interactius-levolucio-de-la-comunicacio-visual\\\/\"]}]},{\"@type\":\"ImageObject\",\"inLanguage\":\"ca\",\"@id\":\"https:\\\/\\\/grafiksestudio.com\\\/ca\\\/retols-digitals-i-interactius-levolucio-de-la-comunicacio-visual\\\/#primaryimage\",\"url\":\"https:\\\/\\\/grafiksestudio.com\\\/wp-content\\\/uploads\\\/2026\\\/04\\\/shutterstock_2671954847.jpg\",\"contentUrl\":\"https:\\\/\\\/grafiksestudio.com\\\/wp-content\\\/uploads\\\/2026\\\/04\\\/shutterstock_2671954847.jpg\",\"width\":1024,\"height\":863},{\"@type\":\"BreadcrumbList\",\"@id\":\"https:\\\/\\\/grafiksestudio.com\\\/ca\\\/retols-digitals-i-interactius-levolucio-de-la-comunicacio-visual\\\/#breadcrumb\",\"itemListElement\":[{\"@type\":\"ListItem\",\"position\":1,\"name\":\"Portada\",\"item\":\"https:\\\/\\\/grafiksestudio.com\\\/ca\\\/home\\\/\"},{\"@type\":\"ListItem\",\"position\":2,\"name\":\"R\u00e8tols Digitals i Interactius: L&#8217;Evoluci\u00f3 de la Comunicaci\u00f3 Visual\"}]},{\"@type\":\"WebSite\",\"@id\":\"https:\\\/\\\/grafiksestudio.com\\\/ca\\\/#website\",\"url\":\"https:\\\/\\\/grafiksestudio.com\\\/ca\\\/\",\"name\":\"Grafiks\",\"description\":\"Servicios integrales de rotulaci\u00f3n\",\"publisher\":{\"@id\":\"https:\\\/\\\/grafiksestudio.com\\\/ca\\\/#organization\"},\"alternateName\":\"Grafiks\",\"potentialAction\":[{\"@type\":\"SearchAction\",\"target\":{\"@type\":\"EntryPoint\",\"urlTemplate\":\"https:\\\/\\\/grafiksestudio.com\\\/ca\\\/?s={search_term_string}\"},\"query-input\":{\"@type\":\"PropertyValueSpecification\",\"valueRequired\":true,\"valueName\":\"search_term_string\"}}],\"inLanguage\":\"ca\"},{\"@type\":\"Organization\",\"@id\":\"https:\\\/\\\/grafiksestudio.com\\\/ca\\\/#organization\",\"name\":\"Grafiks\",\"alternateName\":\"Grafiks\",\"url\":\"https:\\\/\\\/grafiksestudio.com\\\/ca\\\/\",\"logo\":{\"@type\":\"ImageObject\",\"inLanguage\":\"ca\",\"@id\":\"https:\\\/\\\/grafiksestudio.com\\\/ca\\\/#\\\/schema\\\/logo\\\/image\\\/\",\"url\":\"https:\\\/\\\/grafiksestudio.com\\\/wp-content\\\/uploads\\\/2024\\\/04\\\/BL_LOGO_GRAFIKS20_WEB-listo.png\",\"contentUrl\":\"https:\\\/\\\/grafiksestudio.com\\\/wp-content\\\/uploads\\\/2024\\\/04\\\/BL_LOGO_GRAFIKS20_WEB-listo.png\",\"width\":600,\"height\":93,\"caption\":\"Grafiks\"},\"image\":{\"@id\":\"https:\\\/\\\/grafiksestudio.com\\\/ca\\\/#\\\/schema\\\/logo\\\/image\\\/\"},\"sameAs\":[\"https:\\\/\\\/www.facebook.com\\\/GFKGrafiksestudio\",\"https:\\\/\\\/www.instagram.com\\\/grafiksestudio\\\/\",\"https:\\\/\\\/www.linkedin.com\\\/company\\\/grafiks-estudio\\\/\",\"https:\\\/\\\/www.tiktok.com\\\/@grafiksestudio\"]},{\"@type\":\"Person\",\"@id\":\"https:\\\/\\\/grafiksestudio.com\\\/ca\\\/#\\\/schema\\\/person\\\/edeac8f5edc877216074e8eff95111f9\",\"name\":\"Marta\",\"image\":{\"@type\":\"ImageObject\",\"inLanguage\":\"ca\",\"@id\":\"https:\\\/\\\/secure.gravatar.com\\\/avatar\\\/f86e2eff238b2167db3338fb78ecfb11ee296d5d2dbd19147c8fcef45bb14009?s=96&d=mm&r=g\",\"url\":\"https:\\\/\\\/secure.gravatar.com\\\/avatar\\\/f86e2eff238b2167db3338fb78ecfb11ee296d5d2dbd19147c8fcef45bb14009?s=96&d=mm&r=g\",\"contentUrl\":\"https:\\\/\\\/secure.gravatar.com\\\/avatar\\\/f86e2eff238b2167db3338fb78ecfb11ee296d5d2dbd19147c8fcef45bb14009?s=96&d=mm&r=g\",\"caption\":\"Marta\"},\"url\":\"https:\\\/\\\/grafiksestudio.com\\\/ca\\\/author\\\/marta\\\/\"}]}<\/script>\n<!-- \/ Yoast SEO plugin. -->","yoast_head_json":{"title":"R\u00e8tols digitals i interactius: levoluci\u00f3 de la comunicaci\u00f3 visual","description":"Descobreix com els r\u00e8tols digitals i interactius transformen la comunicaci\u00f3 visual, milloren lexperi\u00e8ncia de lusuari i potencien la visibilitat del teu negoci.","robots":{"index":"index","follow":"follow","max-snippet":"max-snippet:-1","max-image-preview":"max-image-preview:large","max-video-preview":"max-video-preview:-1"},"canonical":"https:\/\/grafiksestudio.com\/ca\/retols-digitals-i-interactius-levolucio-de-la-comunicacio-visual\/","og_locale":"ca_ES","og_type":"article","og_title":"R\u00e8tols digitals i interactius: levoluci\u00f3 de la comunicaci\u00f3 visual","og_description":"Descobreix com els r\u00e8tols digitals i interactius transformen la comunicaci\u00f3 visual, milloren lexperi\u00e8ncia de lusuari i potencien la visibilitat del teu negoci.","og_url":"https:\/\/grafiksestudio.com\/ca\/retols-digitals-i-interactius-levolucio-de-la-comunicacio-visual\/","og_site_name":"Grafiks","article_publisher":"https:\/\/www.facebook.com\/GFKGrafiksestudio","article_published_time":"2026-04-28T06:00:00+00:00","og_image":[{"width":1024,"height":863,"url":"https:\/\/grafiksestudio.com\/wp-content\/uploads\/2026\/04\/shutterstock_2671954847.jpg","type":"image\/jpeg"}],"author":"Marta","twitter_card":"summary_large_image","twitter_misc":{"Escrit per":"Marta","Temps estimat de lectura":"3 minuts"},"schema":{"@context":"https:\/\/schema.org","@graph":[{"@type":"Article","@id":"https:\/\/grafiksestudio.com\/ca\/retols-digitals-i-interactius-levolucio-de-la-comunicacio-visual\/#article","isPartOf":{"@id":"https:\/\/grafiksestudio.com\/ca\/retols-digitals-i-interactius-levolucio-de-la-comunicacio-visual\/"},"author":{"name":"Marta","@id":"https:\/\/grafiksestudio.com\/ca\/#\/schema\/person\/edeac8f5edc877216074e8eff95111f9"},"headline":"R\u00e8tols Digitals i Interactius: L&#8217;Evoluci\u00f3 de la Comunicaci\u00f3 Visual","datePublished":"2026-04-28T06:00:00+00:00","mainEntityOfPage":{"@id":"https:\/\/grafiksestudio.com\/ca\/retols-digitals-i-interactius-levolucio-de-la-comunicacio-visual\/"},"wordCount":703,"publisher":{"@id":"https:\/\/grafiksestudio.com\/ca\/#organization"},"image":{"@id":"https:\/\/grafiksestudio.com\/ca\/retols-digitals-i-interactius-levolucio-de-la-comunicacio-visual\/#primaryimage"},"thumbnailUrl":"https:\/\/grafiksestudio.com\/wp-content\/uploads\/2026\/04\/shutterstock_2671954847.jpg","articleSection":["Sin categorizar"],"inLanguage":"ca"},{"@type":"WebPage","@id":"https:\/\/grafiksestudio.com\/ca\/retols-digitals-i-interactius-levolucio-de-la-comunicacio-visual\/","url":"https:\/\/grafiksestudio.com\/ca\/retols-digitals-i-interactius-levolucio-de-la-comunicacio-visual\/","name":"R\u00e8tols digitals i interactius: levoluci\u00f3 de la comunicaci\u00f3 visual","isPartOf":{"@id":"https:\/\/grafiksestudio.com\/ca\/#website"},"primaryImageOfPage":{"@id":"https:\/\/grafiksestudio.com\/ca\/retols-digitals-i-interactius-levolucio-de-la-comunicacio-visual\/#primaryimage"},"image":{"@id":"https:\/\/grafiksestudio.com\/ca\/retols-digitals-i-interactius-levolucio-de-la-comunicacio-visual\/#primaryimage"},"thumbnailUrl":"https:\/\/grafiksestudio.com\/wp-content\/uploads\/2026\/04\/shutterstock_2671954847.jpg","datePublished":"2026-04-28T06:00:00+00:00","description":"Descobreix com els r\u00e8tols digitals i interactius transformen la comunicaci\u00f3 visual, milloren lexperi\u00e8ncia de lusuari i potencien la visibilitat del teu negoci.","breadcrumb":{"@id":"https:\/\/grafiksestudio.com\/ca\/retols-digitals-i-interactius-levolucio-de-la-comunicacio-visual\/#breadcrumb"},"inLanguage":"ca","potentialAction":[{"@type":"ReadAction","target":["https:\/\/grafiksestudio.com\/ca\/retols-digitals-i-interactius-levolucio-de-la-comunicacio-visual\/"]}]},{"@type":"ImageObject","inLanguage":"ca","@id":"https:\/\/grafiksestudio.com\/ca\/retols-digitals-i-interactius-levolucio-de-la-comunicacio-visual\/#primaryimage","url":"https:\/\/grafiksestudio.com\/wp-content\/uploads\/2026\/04\/shutterstock_2671954847.jpg","contentUrl":"https:\/\/grafiksestudio.com\/wp-content\/uploads\/2026\/04\/shutterstock_2671954847.jpg","width":1024,"height":863},{"@type":"BreadcrumbList","@id":"https:\/\/grafiksestudio.com\/ca\/retols-digitals-i-interactius-levolucio-de-la-comunicacio-visual\/#breadcrumb","itemListElement":[{"@type":"ListItem","position":1,"name":"Portada","item":"https:\/\/grafiksestudio.com\/ca\/home\/"},{"@type":"ListItem","position":2,"name":"R\u00e8tols Digitals i Interactius: L&#8217;Evoluci\u00f3 de la Comunicaci\u00f3 Visual"}]},{"@type":"WebSite","@id":"https:\/\/grafiksestudio.com\/ca\/#website","url":"https:\/\/grafiksestudio.com\/ca\/","name":"Grafiks","description":"Servicios integrales de rotulaci\u00f3n","publisher":{"@id":"https:\/\/grafiksestudio.com\/ca\/#organization"},"alternateName":"Grafiks","potentialAction":[{"@type":"SearchAction","target":{"@type":"EntryPoint","urlTemplate":"https:\/\/grafiksestudio.com\/ca\/?s={search_term_string}"},"query-input":{"@type":"PropertyValueSpecification","valueRequired":true,"valueName":"search_term_string"}}],"inLanguage":"ca"},{"@type":"Organization","@id":"https:\/\/grafiksestudio.com\/ca\/#organization","name":"Grafiks","alternateName":"Grafiks","url":"https:\/\/grafiksestudio.com\/ca\/","logo":{"@type":"ImageObject","inLanguage":"ca","@id":"https:\/\/grafiksestudio.com\/ca\/#\/schema\/logo\/image\/","url":"https:\/\/grafiksestudio.com\/wp-content\/uploads\/2024\/04\/BL_LOGO_GRAFIKS20_WEB-listo.png","contentUrl":"https:\/\/grafiksestudio.com\/wp-content\/uploads\/2024\/04\/BL_LOGO_GRAFIKS20_WEB-listo.png","width":600,"height":93,"caption":"Grafiks"},"image":{"@id":"https:\/\/grafiksestudio.com\/ca\/#\/schema\/logo\/image\/"},"sameAs":["https:\/\/www.facebook.com\/GFKGrafiksestudio","https:\/\/www.instagram.com\/grafiksestudio\/","https:\/\/www.linkedin.com\/company\/grafiks-estudio\/","https:\/\/www.tiktok.com\/@grafiksestudio"]},{"@type":"Person","@id":"https:\/\/grafiksestudio.com\/ca\/#\/schema\/person\/edeac8f5edc877216074e8eff95111f9","name":"Marta","image":{"@type":"ImageObject","inLanguage":"ca","@id":"https:\/\/secure.gravatar.com\/avatar\/f86e2eff238b2167db3338fb78ecfb11ee296d5d2dbd19147c8fcef45bb14009?s=96&d=mm&r=g","url":"https:\/\/secure.gravatar.com\/avatar\/f86e2eff238b2167db3338fb78ecfb11ee296d5d2dbd19147c8fcef45bb14009?s=96&d=mm&r=g","contentUrl":"https:\/\/secure.gravatar.com\/avatar\/f86e2eff238b2167db3338fb78ecfb11ee296d5d2dbd19147c8fcef45bb14009?s=96&d=mm&r=g","caption":"Marta"},"url":"https:\/\/grafiksestudio.com\/ca\/author\/marta\/"}]}},"_links":{"self":[{"href":"https:\/\/grafiksestudio.com\/ca\/wp-json\/wp\/v2\/posts\/8094","targetHints":{"allow":["GET"]}}],"collection":[{"href":"https:\/\/grafiksestudio.com\/ca\/wp-json\/wp\/v2\/posts"}],"about":[{"href":"https:\/\/grafiksestudio.com\/ca\/wp-json\/wp\/v2\/types\/post"}],"author":[{"embeddable":true,"href":"https:\/\/grafiksestudio.com\/ca\/wp-json\/wp\/v2\/users\/2"}],"replies":[{"embeddable":true,"href":"https:\/\/grafiksestudio.com\/ca\/wp-json\/wp\/v2\/comments?post=8094"}],"version-history":[{"count":3,"href":"https:\/\/grafiksestudio.com\/ca\/wp-json\/wp\/v2\/posts\/8094\/revisions"}],"predecessor-version":[{"id":8099,"href":"https:\/\/grafiksestudio.com\/ca\/wp-json\/wp\/v2\/posts\/8094\/revisions\/8099"}],"wp:featuredmedia":[{"embeddable":true,"href":"https:\/\/grafiksestudio.com\/ca\/wp-json\/wp\/v2\/media\/8082"}],"wp:attachment":[{"href":"https:\/\/grafiksestudio.com\/ca\/wp-json\/wp\/v2\/media?parent=8094"}],"wp:term":[{"taxonomy":"category","embeddable":true,"href":"https:\/\/grafiksestudio.com\/ca\/wp-json\/wp\/v2\/categories?post=8094"},{"taxonomy":"post_tag","embeddable":true,"href":"https:\/\/grafiksestudio.com\/ca\/wp-json\/wp\/v2\/tags?post=8094"}],"curies":[{"name":"wp","href":"https:\/\/api.w.org\/{rel}","templated":true}]}}